{"id":108326,"date":"2012-10-22T00:07:37","date_gmt":"2012-10-22T05:07:37","guid":{"rendered":"http:\/\/www.diarioimagen.net\/?p=108326"},"modified":"2012-10-22T04:27:54","modified_gmt":"2012-10-22T09:27:54","slug":"abogada-y-preventivos-plagian-personal-de-seguridad-del-tsjdf","status":"publish","type":"post","link":"https:\/\/www.diarioimagen.net\/?p=108326","title":{"rendered":"Abogada y preventivos plagian personal de seguridad del TSJDF"},"content":{"rendered":"<ul>\n<li><strong><em>Los llevaron ante un MP<\/em><\/strong><\/li>\n<\/ul>\n<p><a class=\"highslide\" onclick=\"return vz.expand(this)\" href=\"http:\/\/www.diarioimagen.net\/wp-content\/uploads\/2011\/06\/tsjdf-1623.jpg\"><img loading=\"lazy\" decoding=\"async\" class=\"alignleft size-medium wp-image-56616\" style=\"margin-right: 9px; margin-bottom: 9px;\" title=\"tsjdf-1623\" src=\"http:\/\/www.diarioimagen.net\/wp-content\/uploads\/2011\/06\/tsjdf-1623-300x179.jpg\" alt=\"\" width=\"240\" height=\"143\" \/><\/a>El Tribunal Superior de Justicia del Distrito Federal (TSJDF) denunci\u00f3 ante la Fiscal\u00eda de Asuntos Especiales de la Procuradur\u00eda General de Justicia del Distrito Federal a la abogada Ana Mar\u00eda Hern\u00e1ndez Magos y a tres elementos de la Secretar\u00eda de Seguridad P\u00fablica del Distrito Federal\u00a0 (SSPDF), quienes privaron de su libertad a dos elementos de seguridad del edificio de Plaza Ju\u00e1rez, porque les impidieron ingresar al inmueble donde pretend\u00edan detener a una jueza y a secretarios de acuerdos de un juzgado familiar,\u00a0 porque no les entregaron al momento copias de un expediente.<\/p>\n<p>La litigante solicit\u00f3 copias de un juicio sucesorio, y al no obtenerlas sali\u00f3 del edificio y regres\u00f3 con seis elementos de la SSPDF para tratar de detener al personal de juzgado, pero le fue impedido el acceso por el personal asignado para resguardar el inmueble de Plaza Ju\u00e1rez.<\/p>\n<p>Sin alguna orden de aprehensi\u00f3n o de presentaci\u00f3n, los polic\u00edas detuvieron violentamente a los dos elementos de seguridad del TSJDF, quienes fueron trasladados en dos patrullas a la agencia del Ministerio P\u00fablico.<\/p>\n<p>Sin embargo, ah\u00ed\u00a0 el director de seguridad del TSJDF denunci\u00f3 a la abogada Hern\u00e1ndez Magos y a los agentes policiacos Ernesto Olvera S\u00e1nchez, Julio C\u00e9sar Tapia Nava y Salvador Manjar\u00e9s por privaci\u00f3n ilegal de la libertad. Los otros tres polic\u00edas que participaron en la detenci\u00f3n est\u00e1n pr\u00f3fugos.<\/p>\n","protected":false},"excerpt":{"rendered":"<p>El Tribunal Superior de Justicia del Distrito Federal (TSJDF) denunci\u00f3 ante la Fiscal\u00eda de Asuntos Especiales de la Procuradur\u00eda General de Justicia del Distrito Federal a la abogada Ana Mar\u00eda Hern\u00e1ndez Magos y a tres elementos de la Secretar\u00eda de Seguridad P\u00fablica del Distrito Federal  (SSPDF), quienes privaron de su libertad a dos elementos de seguridad del edificio de Plaza Ju\u00e1rez, porque les impidieron ingresar al inmueble donde pretend\u00edan detener a una jueza y a secretarios de acuerdos de un juzgado familiar,  porque no les entregaron al momento copias de un expediente.<\/p>\n","protected":false},"author":3,"featured_media":0,"comment_status":"open","ping_status":"open","sticky":false,"template":"","format":"standard","meta":{"_monsterinsights_skip_tracking":false,"_monsterinsights_sitenote_active":false,"_monsterinsights_sitenote_note":"","_monsterinsights_sitenote_category":0,"footnotes":""},"categories":[6],"tags":[204,3599,1424,3310,2942,862],"class_list":["post-108326","post","type-post","status-publish","format-standard","hentry","category-cd-de-mexico","tag-ciudad-de-mexico","tag-plagio","tag-secretaria-de-seguridad-publica-del-distrito-federal","tag-secuestro","tag-tribunal-superior-de-justicia-del-distrito-federal","tag-tsjdf"],"_links":{"self":[{"href":"https:\/\/www.diarioimagen.net\/index.php?rest_route=\/wp\/v2\/posts\/108326","targetHints":{"allow":["GET"]}}],"collection":[{"href":"https:\/\/www.diarioimagen.net\/index.php?rest_route=\/wp\/v2\/posts"}],"about":[{"href":"https:\/\/www.diarioimagen.net\/index.php?rest_route=\/wp\/v2\/types\/post"}],"author":[{"embeddable":true,"href":"https:\/\/www.diarioimagen.net\/index.php?rest_route=\/wp\/v2\/users\/3"}],"replies":[{"embeddable":true,"href":"https:\/\/www.diarioimagen.net\/index.php?rest_route=%2Fwp%2Fv2%2Fcomments&post=108326"}],"version-history":[{"count":0,"href":"https:\/\/www.diarioimagen.net\/index.php?rest_route=\/wp\/v2\/posts\/108326\/revisions"}],"wp:attachment":[{"href":"https:\/\/www.diarioimagen.net\/index.php?rest_route=%2Fwp%2Fv2%2Fmedia&parent=108326"}],"wp:term":[{"taxonomy":"category","embeddable":true,"href":"https:\/\/www.diarioimagen.net\/index.php?rest_route=%2Fwp%2Fv2%2Fcategories&post=108326"},{"taxonomy":"post_tag","embeddable":true,"href":"https:\/\/www.diarioimagen.net\/index.php?rest_route=%2Fwp%2Fv2%2Ftags&post=108326"}],"curies":[{"name":"wp","href":"https:\/\/api.w.org\/{rel}","templated":true}]}}