{"id":108468,"date":"2012-10-23T00:01:34","date_gmt":"2012-10-23T05:01:34","guid":{"rendered":"http:\/\/www.diarioimagen.net\/?p=108468"},"modified":"2012-10-24T05:09:56","modified_gmt":"2012-10-24T10:09:56","slug":"expo-15-mexico-un-lugar-donde-los-suenos-se-hacen-realidad","status":"publish","type":"post","link":"https:\/\/www.diarioimagen.net\/?p=108468","title":{"rendered":"Expo 15 M\u00e9xico, un lugar donde los sue\u00f1os se hacen realidad"},"content":{"rendered":"<ul>\n<li><strong><em>Este a\u00f1o reunir\u00e1 a 6 mil quincea\u00f1eras y se celebrar\u00e1 los d\u00edas 27 y 28 de octubre en el Palacio de los Deportes, en un horario corrido de 11:00 a 21:00 horas y pasarelas a las 14:00 y 18:00 horas<\/em><\/strong><\/li>\n<\/ul>\n<h6>Gloria Carpio<\/h6>\n<div id=\"attachment_108530\" style=\"width: 250px\" class=\"wp-caption alignleft\"><a class=\"highslide\" onclick=\"return vz.expand(this)\" href=\"http:\/\/www.diarioimagen.net\/wp-content\/uploads\/2012\/10\/expo-1964.jpg\"><img loading=\"lazy\" decoding=\"async\" aria-describedby=\"caption-attachment-108530\" class=\"size-medium wp-image-108530\" title=\"expo-1964\" src=\"http:\/\/www.diarioimagen.net\/wp-content\/uploads\/2012\/10\/expo-1964-240x135.jpg\" alt=\"\" width=\"240\" height=\"135\" \/><\/a><p id=\"caption-attachment-108530\" class=\"wp-caption-text\">Durante los dos d\u00edas de exposici\u00f3n habr\u00e1 estrellas juveniles que acompa\u00f1ar\u00e1n a las quincea\u00f1eras que asistan como Violeta Isfel y Roberto Carlo.<\/p><\/div>\n<p>El 27 y 28 de este mes se llevar\u00e1 a cabo en el Palacio de los Deportes la ya tradicional \u201cExpo 15 M\u00e9xico\u201d, exhibici\u00f3n emblem\u00e1tica que aglutina a productores y prestadores de servicios de una amplia gama de actividades que tienen en com\u00fan hacer realidad la anhelada fiesta de 15 a\u00f1os de miles de jovencitas.<\/p>\n<p>M\u00e9xico no s\u00f3lo ha preservado esta tradici\u00f3n, sino que la ha acrecentado, hoy ya no s\u00f3lo se hace una fiesta o misa a las mujeres que cumplen 15 a\u00f1os, hoy existen viajes, cursos y una serie de satisfactores para que las adolescentes puedan optar formas y tradiciones de conmemorar sus primeros 15 a\u00f1os.<\/p>\n<p>Y la \u201cExpo 15 M\u00e9xico\u201d es reflejo de la evoluci\u00f3n que han registrado los festejos de 15 a\u00f1os, en raz\u00f3n de que se ha organizado una exposici\u00f3n tem\u00e1tica para los distintos tipos de princesas que satisfagan no s\u00f3lo la opini\u00f3n de ellas, sino sobre todo de sus padres y en la mayor\u00eda de los casos de sus padrinos, que quieren experimentar distintas experiencias con las chicas y son quienes eligen la forma como las van a homenajear.<\/p>\n<p>La \u201cExpo 15 M\u00e9xico\u201d es la respuesta a toda esta evoluci\u00f3n social de los mexicanos, en raz\u00f3n de que no s\u00f3lo ha sistematizado la oferta, la pone en un solo sitio de 5 mil metros cuadrados, realiza una difusi\u00f3n entre las chicas pr\u00f3ximas a cumplir esa edad y con sus respectivos familiares. Por ejemplo, en esta ocasi\u00f3n est\u00e1n invitadas 6 mil quincea\u00f1eras y un estimado de 17 mil visitantes, todos unidos por el anhelo de cumplir una ilusi\u00f3n.<\/p>\n<p>En raz\u00f3n del significado que tiene en M\u00e9xico una fiesta de 15 a\u00f1os, la \u201cExpo 15 M\u00e9xico\u201d es \u00fanica en el mundo, pues re\u00fane vestidos, casas de moda, dise\u00f1adores, calzado, accesorios, salones de maquillaje, de peinados, salones de fiesta, servidores de banquetes, core\u00f3grafos, fot\u00f3grafos, camar\u00f3grafos de video, renta de autos especializados (limusinas y calabazas), agencias de decoraci\u00f3n (fugaces y permanentes), escultores de figuras en hielo.<\/p>\n<p>La lista de expositores sigue con los impresores especializados en invitaciones, los artesanos a producir recuerdos para las fiestas, las florer\u00edas, las pasteler\u00edas, las casas que rentan trajes de etiqueta tanto para las damas como para los chambelanes, los grupos musicales para amenizar, los \u201csonideros\u201d con sus DJ, las casas de pirotecnia y las casas proveedoras de vinos y licores.<\/p>\n<p>En cada pabell\u00f3n habr\u00e1 espect\u00e1culos, por ejemplo en el dedicado a los vestido, habr\u00e1 pasarelas de las colecciones. Las casas de moda har\u00e1n lo mismo.<\/p>\n<p>Los core\u00f3grafos en esta ocasi\u00f3n no s\u00f3lo ofrecer\u00e1n sus servicios para una fiesta, mostrar\u00e1n la forma c\u00f3mo funcionan sus academias de baile. Los grupos musicales no s\u00f3lo competir\u00e1n en precio y calidad, sino en promociones.<\/p>\n","protected":false},"excerpt":{"rendered":"<p>El 27 y 28 de este mes se llevar\u00e1 a cabo en el Palacio de los Deportes la ya tradicional \u201cExpo 15 M\u00e9xico\u201d, exhibici\u00f3n emblem\u00e1tica que aglutina a productores y prestadores de servicios de una amplia gama de actividades que tienen en com\u00fan hacer realidad la anhelada fiesta de 15 a\u00f1os de miles de jovencitas.<\/p>\n","protected":false},"author":3,"featured_media":0,"comment_status":"open","ping_status":"open","sticky":false,"template":"","format":"standard","meta":{"_monsterinsights_skip_tracking":false,"_monsterinsights_sitenote_active":false,"_monsterinsights_sitenote_note":"","_monsterinsights_sitenote_category":0,"footnotes":""},"categories":[17,12],"tags":[43682,60],"class_list":["post-108468","post","type-post","status-publish","format-standard","hentry","category-especiales","category-espectaculos","tag-espectaculos","tag-gloria-carpio"],"_links":{"self":[{"href":"https:\/\/www.diarioimagen.net\/index.php?rest_route=\/wp\/v2\/posts\/108468","targetHints":{"allow":["GET"]}}],"collection":[{"href":"https:\/\/www.diarioimagen.net\/index.php?rest_route=\/wp\/v2\/posts"}],"about":[{"href":"https:\/\/www.diarioimagen.net\/index.php?rest_route=\/wp\/v2\/types\/post"}],"author":[{"embeddable":true,"href":"https:\/\/www.diarioimagen.net\/index.php?rest_route=\/wp\/v2\/users\/3"}],"replies":[{"embeddable":true,"href":"https:\/\/www.diarioimagen.net\/index.php?rest_route=%2Fwp%2Fv2%2Fcomments&post=108468"}],"version-history":[{"count":0,"href":"https:\/\/www.diarioimagen.net\/index.php?rest_route=\/wp\/v2\/posts\/108468\/revisions"}],"wp:attachment":[{"href":"https:\/\/www.diarioimagen.net\/index.php?rest_route=%2Fwp%2Fv2%2Fmedia&parent=108468"}],"wp:term":[{"taxonomy":"category","embeddable":true,"href":"https:\/\/www.diarioimagen.net\/index.php?rest_route=%2Fwp%2Fv2%2Fcategories&post=108468"},{"taxonomy":"post_tag","embeddable":true,"href":"https:\/\/www.diarioimagen.net\/index.php?rest_route=%2Fwp%2Fv2%2Ftags&post=108468"}],"curies":[{"name":"wp","href":"https:\/\/api.w.org\/{rel}","templated":true}]}}