{"id":108496,"date":"2012-10-23T00:02:45","date_gmt":"2012-10-23T05:02:45","guid":{"rendered":"http:\/\/www.diarioimagen.net\/?p=108496"},"modified":"2012-10-24T05:10:03","modified_gmt":"2012-10-24T10:10:03","slug":"lance-armstrong-despojado-de-sus-siete-titulos-del-tour","status":"publish","type":"post","link":"https:\/\/www.diarioimagen.net\/?p=108496","title":{"rendered":"Lance Armstrong, despojado de sus siete t\u00edtulos del tour"},"content":{"rendered":"<ul>\n<li><strong><em>Expulsado de por vida del ciclismo<\/em><\/strong><\/li>\n<\/ul>\n<div id=\"attachment_108537\" style=\"width: 250px\" class=\"wp-caption alignleft\"><a class=\"highslide\" onclick=\"return vz.expand(this)\" href=\"http:\/\/www.diarioimagen.net\/wp-content\/uploads\/2012\/10\/lance-1964.jpg\"><img loading=\"lazy\" decoding=\"async\" aria-describedby=\"caption-attachment-108537\" class=\"size-medium wp-image-108537\" title=\"lance-1964\" src=\"http:\/\/www.diarioimagen.net\/wp-content\/uploads\/2012\/10\/lance-1964-240x135.jpg\" alt=\"\" width=\"240\" height=\"135\" \/><\/a><p id=\"caption-attachment-108537\" class=\"wp-caption-text\">Todos los t\u00edtulos de los tours de Francia fueron desconocidos por la UIC.<\/p><\/div>\n<p><strong>Ginebra, Suiza<\/strong>.- Lance Armstrong fue despojado de sus siete t\u00edtulos del Tour de Francia y expulsado de por vida del ciclismo, luego que el organismo rector del deporte acept\u00f3 como v\u00e1lidas las denuncias de dopaje sistem\u00e1tico del pedalista a lo largo de su carrera que hizo la Agencia Antidopaje de Estados Unidos.<\/p>\n<p>El anuncio lo hizo el presidente de la Uni\u00f3n Internacional de Ciclismo (UIC), Pat McQuaid, quien dijo que ese organismo no cuestionar\u00e1 el informe de los estadunidenses ante el Tribunal para Arbitraje del Deporte.<\/p>\n<p>\u201cLance Armstrong no tiene cabida en el ciclismo y merece que se lo olvide\u201d, declar\u00f3 McQuaid.<\/p>\n<p>La decisi\u00f3n despeja el camino para que los organizadores del tour eliminen oficialmente el nombre de Armstrong del libro de marcas, anulando sus victorias consecutivas de 1999 al 2005, que constituyeron una haza\u00f1a sin precedentes.<\/p>\n<p>El director del tour,\u00a0 Christian Prudhomme dijo que la el tour aceptar\u00eda el fallo de la UIC y que en esos a\u00f1os no tendr\u00e1n oficialmente ganadores de la prueba.<\/p>\n<p>El ciclista perder\u00e1 todos los t\u00edtulos ganados desde agosto de 1998.<\/p>\n","protected":false},"excerpt":{"rendered":"<p>Lance Armstrong fue despojado de sus siete t\u00edtulos del Tour de Francia y expulsado de por vida del ciclismo, luego que el organismo rector del deporte acept\u00f3 como v\u00e1lidas las denuncias de dopaje sistem\u00e1tico del pedalista a lo largo de su carrera que hizo la Agencia Antidopaje de Estados Unidos.<\/p>\n","protected":false},"author":3,"featured_media":0,"comment_status":"open","ping_status":"open","sticky":false,"template":"","format":"standard","meta":{"_monsterinsights_skip_tracking":false,"_monsterinsights_sitenote_active":false,"_monsterinsights_sitenote_note":"","_monsterinsights_sitenote_category":0,"footnotes":""},"categories":[17,10],"tags":[43680,1173,3172,1194,2310],"class_list":["post-108496","post","type-post","status-publish","format-standard","hentry","category-especiales","category-deportes","tag-deportes","tag-ginebra","tag-lance-armstrong","tag-suiza","tag-tour-de-francia"],"_links":{"self":[{"href":"https:\/\/www.diarioimagen.net\/index.php?rest_route=\/wp\/v2\/posts\/108496","targetHints":{"allow":["GET"]}}],"collection":[{"href":"https:\/\/www.diarioimagen.net\/index.php?rest_route=\/wp\/v2\/posts"}],"about":[{"href":"https:\/\/www.diarioimagen.net\/index.php?rest_route=\/wp\/v2\/types\/post"}],"author":[{"embeddable":true,"href":"https:\/\/www.diarioimagen.net\/index.php?rest_route=\/wp\/v2\/users\/3"}],"replies":[{"embeddable":true,"href":"https:\/\/www.diarioimagen.net\/index.php?rest_route=%2Fwp%2Fv2%2Fcomments&post=108496"}],"version-history":[{"count":0,"href":"https:\/\/www.diarioimagen.net\/index.php?rest_route=\/wp\/v2\/posts\/108496\/revisions"}],"wp:attachment":[{"href":"https:\/\/www.diarioimagen.net\/index.php?rest_route=%2Fwp%2Fv2%2Fmedia&parent=108496"}],"wp:term":[{"taxonomy":"category","embeddable":true,"href":"https:\/\/www.diarioimagen.net\/index.php?rest_route=%2Fwp%2Fv2%2Fcategories&post=108496"},{"taxonomy":"post_tag","embeddable":true,"href":"https:\/\/www.diarioimagen.net\/index.php?rest_route=%2Fwp%2Fv2%2Ftags&post=108496"}],"curies":[{"name":"wp","href":"https:\/\/api.w.org\/{rel}","templated":true}]}}