{"id":108503,"date":"2012-10-23T00:06:32","date_gmt":"2012-10-23T05:06:32","guid":{"rendered":"http:\/\/www.diarioimagen.net\/?p=108503"},"modified":"2012-10-23T05:02:47","modified_gmt":"2012-10-23T10:02:47","slug":"suprema-corte-valida-injerencia-de-cofetel-en-la-interconexion","status":"publish","type":"post","link":"https:\/\/www.diarioimagen.net\/?p=108503","title":{"rendered":"Suprema Corte valida injerencia de Cofetel en la interconexi\u00f3n"},"content":{"rendered":"<ul>\n<li><strong><em>El pleno de la SCJN determina negar el amparo a Axtel en contra del art\u00edculo 9-A de la Ley Federal de Telecomunicaciones<\/em><\/strong><\/li>\n<\/ul>\n<div id=\"attachment_108547\" style=\"width: 250px\" class=\"wp-caption alignleft\"><a class=\"highslide\" onclick=\"return vz.expand(this)\" href=\"http:\/\/www.diarioimagen.net\/wp-content\/uploads\/2012\/10\/corte-1964.jpg\"><img loading=\"lazy\" decoding=\"async\" aria-describedby=\"caption-attachment-108547\" class=\"size-medium wp-image-108547\" title=\"corte-1964\" src=\"http:\/\/www.diarioimagen.net\/wp-content\/uploads\/2012\/10\/corte-1964-240x135.jpg\" alt=\"\" width=\"240\" height=\"135\" \/><\/a><p id=\"caption-attachment-108547\" class=\"wp-caption-text\">La Sala Superior de la Suprema Corte de Justicia de la Naci\u00f3n emiti\u00f3 un dictamen que valida la intervenci\u00f3n de la Cofetel en casos de tarifas de interconexi\u00f3n.<\/p><\/div>\n<p>El pleno de la Suprema Corte de Justicia de la Naci\u00f3n (SCJN) resolvi\u00f3 por unanimidad que es constitucional el art\u00edculo 9-A, de la Ley Federal de Telecomunicaciones, respecto a la facultad de la Cofetel sobre las tarifas de interconexi\u00f3n.<\/p>\n<p>En ese sentido, la Corte neg\u00f3 el amparo que interpuso Axtel en contra de la constitucionalidad de ese art\u00edculo, as\u00ed como de la legalidad de la f\u00f3rmula con la que la Cofetel resolvi\u00f3 las discrepancias con Telcel y fija una tarifa de 1.71 pesos, cuando la empresa quejosa estima que deber\u00eda ser de 0.71 pesos por minuto.<\/p>\n<p>El amparo presentado ante la Suprema Corte se derivaba de un procedimiento administrativo en el que Axtel Sociedad An\u00f3nima Burs\u00e1til solicit\u00f3 la intervenci\u00f3n de la Cofetel para determinar las condiciones de interconexi\u00f3n para 2005 a 2007, que no pudo convenir con Radio M\u00f3vil Dipsa (Telcel).<\/p>\n<p>Por lo anterior, precis\u00f3 la SCJN, \u201cante lo infundado de los conceptos de violaci\u00f3n hechos valer por Radiom\u00f3vil Dipsa, en demostrar la inconstitucionalidad del citado art\u00edculo, se resolvi\u00f3 negar el amparo a la quejosa respecto del citado ordenamiento\u201d.<\/p>\n<p>El pleno de la Corte seguir\u00e1 ma\u00f1ana martes con el an\u00e1lisis respecto a la facultad de la Comisi\u00f3n Federal de Telecomunicaciones (Cofetel) para determinar las tarifas de interconexi\u00f3n y otras condiciones econ\u00f3micas, no convenidas entre los concesionarios de redes p\u00fablicas de telecomunicaciones.<\/p>\n","protected":false},"excerpt":{"rendered":"<p>El pleno de la Suprema Corte de Justicia de la Naci\u00f3n (SCJN) resolvi\u00f3 por unanimidad que es constitucional el<\/p>\n","protected":false},"author":3,"featured_media":0,"comment_status":"open","ping_status":"open","sticky":false,"template":"","format":"standard","meta":{"_monsterinsights_skip_tracking":false,"_monsterinsights_sitenote_active":false,"_monsterinsights_sitenote_note":"","_monsterinsights_sitenote_category":0,"footnotes":""},"categories":[3],"tags":[345,5262,43673,2852,1584],"class_list":["post-108503","post","type-post","status-publish","format-standard","hentry","category-nacional","tag-cofetel","tag-ley-federal-de-telecomunicaciones","tag-nacional","tag-scjn","tag-suprema-corte-de-justicia-de-la-nacion"],"_links":{"self":[{"href":"https:\/\/www.diarioimagen.net\/index.php?rest_route=\/wp\/v2\/posts\/108503","targetHints":{"allow":["GET"]}}],"collection":[{"href":"https:\/\/www.diarioimagen.net\/index.php?rest_route=\/wp\/v2\/posts"}],"about":[{"href":"https:\/\/www.diarioimagen.net\/index.php?rest_route=\/wp\/v2\/types\/post"}],"author":[{"embeddable":true,"href":"https:\/\/www.diarioimagen.net\/index.php?rest_route=\/wp\/v2\/users\/3"}],"replies":[{"embeddable":true,"href":"https:\/\/www.diarioimagen.net\/index.php?rest_route=%2Fwp%2Fv2%2Fcomments&post=108503"}],"version-history":[{"count":0,"href":"https:\/\/www.diarioimagen.net\/index.php?rest_route=\/wp\/v2\/posts\/108503\/revisions"}],"wp:attachment":[{"href":"https:\/\/www.diarioimagen.net\/index.php?rest_route=%2Fwp%2Fv2%2Fmedia&parent=108503"}],"wp:term":[{"taxonomy":"category","embeddable":true,"href":"https:\/\/www.diarioimagen.net\/index.php?rest_route=%2Fwp%2Fv2%2Fcategories&post=108503"},{"taxonomy":"post_tag","embeddable":true,"href":"https:\/\/www.diarioimagen.net\/index.php?rest_route=%2Fwp%2Fv2%2Ftags&post=108503"}],"curies":[{"name":"wp","href":"https:\/\/api.w.org\/{rel}","templated":true}]}}