{"id":108575,"date":"2012-10-24T00:01:22","date_gmt":"2012-10-24T05:01:22","guid":{"rendered":"http:\/\/www.diarioimagen.net\/?p=108575"},"modified":"2012-10-24T23:56:44","modified_gmt":"2012-10-25T04:56:44","slug":"la-asociacion-metropolitana-de-agencias-de-viajes-celebro-19-anos-de-existencia","status":"publish","type":"post","link":"https:\/\/www.diarioimagen.net\/?p=108575","title":{"rendered":"La Asociaci\u00f3n Metropolitana de Agencias de Viajes celebr\u00f3 19 a\u00f1os de existencia"},"content":{"rendered":"<h2>De cinco estrellas<\/h2>\n<h5>Victoria Gonz\u00e1lez Prado<\/h5>\n<p>&nbsp;<\/p>\n<ul>\n<li><em><strong>Concluy\u00f3 con \u00e9xito la XXV edici\u00f3n del <\/strong><\/em><strong>Canc\u00fan Travel Mart M\u00e9xico Summit<\/strong><\/li>\n<li><em><strong>Se acerca el <\/strong><\/em><strong>Black Friday<\/strong><em><strong> y <\/strong><\/em><strong>Premium Outlets<\/strong><em><strong>; tendr\u00e1 horarios especiales e importantes descuentos<\/strong><\/em><\/li>\n<li><em><strong>Se realiz\u00f3 \u201cDenominaci\u00f3n Palacio\u201d, dedicado al vino y la gastronom\u00eda de Argentina<\/strong><\/em><\/li>\n<\/ul>\n<div id=\"attachment_108654\" style=\"width: 250px\" class=\"wp-caption alignleft\"><a class=\"highslide\" onclick=\"return vz.expand(this)\" href=\"http:\/\/www.diarioimagen.net\/wp-content\/uploads\/2012\/10\/turismo-1965.jpg\"><img loading=\"lazy\" decoding=\"async\" aria-describedby=\"caption-attachment-108654\" class=\"size-medium wp-image-108654\" title=\"turismo-1965\" src=\"http:\/\/www.diarioimagen.net\/wp-content\/uploads\/2012\/10\/turismo-1965-240x109.jpg\" alt=\"\" width=\"240\" height=\"109\" \/><\/a><p id=\"caption-attachment-108654\" class=\"wp-caption-text\">En el 19 aniversario de la Metropolitana.<\/p><\/div>\n<p>Cumpli\u00f3 19 a\u00f1os de vida y celebr\u00f3 con una gran comida presidida por su actual presidente <strong>C\u00e9sar Romero,<\/strong> acompa\u00f1ado de la mesa directiva y pr\u00e1cticamente todos los socios y ex presidentes; se trata de la Asociaci\u00f3n Metropolitana de Agencias de Viajes. \u201cHoy tenemos una asociaci\u00f3n s\u00f3lida, respetada y reconocida, por supuesto, todo esto es producto de la entusiasta y decidida participaci\u00f3n de todos nuestros socios activos, afiliados y comerciales, quienes con su cari\u00f1o, hacen que nuestra agrupaci\u00f3n cumpla 19 a\u00f1os\u201d, dijo <strong>C\u00e9sar Romero<\/strong>. <strong>Esteban Vel\u00e1squez<\/strong>, director general de la globalizadora <em>Sabre Travel Network<\/em>, fue patrocinadora de la comida de aniversario. <strong>Vel\u00e1squez<\/strong>, al hacer uso de la palabra, felicit\u00f3 a los socios y reconoci\u00f3 la labor que ha llevado a \u201cla Metro\u201d a ser una importante y reconocida agrupaci\u00f3n en el medio tur\u00edstico. Tambi\u00e9n se cont\u00f3 con la presencia de<strong> Gloria Guevara<\/strong>, titular de la Secretar\u00eda de Turismo, quien<strong> <\/strong>asegur\u00f3: \u201cla Metro se consolida como una asociaci\u00f3n incluyente, lo cual me da mucho gusto, su labor es fundamental en nuestro pa\u00eds, los felicito por estos 19 a\u00f1os\u201d. En su oportunidad, el presidente\u00a0 de la Metropolitana, hizo un recuento de lo realizado en el \u00faltimo mes y reconoci\u00f3 a todos y cada uno de los ex presidentes \u201cporque todos en su momento trabajaron por la uni\u00f3n de la asociaci\u00f3n que ahora llega su aniversario 19\u201d. De igual forma, <strong>C\u00e9sar Romero<\/strong> entreg\u00f3 la m\u00e1xima presea\u00a0 que otorga cada a\u00f1o la asociaci\u00f3n: \u201cToda una vida dedicada al turismo\u201d, y que en este aniversario fue entregada a <strong>Jorge Sales <\/strong>por su trayectoria tur\u00edstica. El presidente de la agrupaci\u00f3n no dej\u00f3 de mencionar a los presidentes de otras importantes asociaciones que acompa\u00f1aron a todos los socios de la Metropolitana en un aniversario m\u00e1s. As\u00ed agradeci\u00f3 la presencia de <strong>Alicia Ter\u00e1n<\/strong>, de la Asociaci\u00f3n Femenil de Ejecutivas de Empresas Tur\u00edsticas (AFEET); Elizabeth Gonz\u00e1lez de Convivencia Femenina Tur\u00edstica (Confetur);\u00a0 Carlos Parodi, de ExpoMayoristas y tambi\u00e9n directores de aerol\u00edneas, hoteles y representaciones.<\/p>\n<p>\u2730\u2730\u2730\u2730\u2730\u00a0La 25 Edici\u00f3n del <em>Canc\u00fan Travel Mart M\u00e9xico Summit<\/em>, concluy\u00f3 con un crecimiento de m\u00e1s de 15% y la participaci\u00f3n de 20 pa\u00edses. Se concretaron negocios por m\u00e1s de 3 millones de d\u00f3lares tras la realizaci\u00f3n de 4 mil 312 citas de negocios, en las que agencias mayoristas y touroperadores reportaron crecimientos de entre 10% y 40% en reservaciones para el primer cuatrimestre de 2013. De igual forma, el sector hotelero concret\u00f3 un incremento de entre 5% y 10% en sus tarifas en los contratos para las temporadas de primavera y verano del pr\u00f3ximo a\u00f1o, debido al crecimiento del mercado norteamericano y la apertura de nuevos vuelos de Estados Unidos, Europa y Sudam\u00e9rica, que hacen prever ocupaciones arriba de 90% a partir del 20 de diciembre pr\u00f3ximo que se extender\u00e1n hasta abril. En conferencia de prensa conjunta, <strong>Jes\u00fas Almaguer Salazar<\/strong>, director general de la Oficina de Visitantes y Convenciones (OVC) y <strong>Rodrigo de la Pe\u00f1a Segura<\/strong>, presidente de la Asociaci\u00f3n de Hoteles de Canc\u00fan (AHC), destacaron el r\u00e9cord de participaci\u00f3n registrado por la asistencia de casi 700 compradores y expositores, adem\u00e1s del n\u00famero de citas de negocios concretadas durante el evento, cuyo n\u00famero podr\u00eda duplicarse, debido a los encuentros que se realizan fuera del <em>Canc\u00fan Center<\/em>. En la conferencia se destac\u00f3 la importante tendencia en la mezcla equitativa de los mercados de Canad\u00e1 y Estados Unidos para Canc\u00fan y Riviera Maya, que hace prever un crecimiento de 10% para 2013, ya que en lo que va de este a\u00f1o se reporta un crecimiento de 26% y 8%, respectivamente, tras el impass en los \u00faltimos dos a\u00f1os. <strong>Almaguer Salazar<\/strong> destac\u00f3 que s\u00f3lo un operador tiene registradas en libros ventas por m\u00e1s de 20 millones de d\u00f3lares para Canc\u00fan durante 2013, mientras <em>Expedia<\/em> reporta un crecimiento de 25% ya que el mercado norteamericano \u201cest\u00e1 muy caliente\u201d al igual que el sudamericano, lo cual ha obligado a implementar nuevos vuelos de Texas y California, que se suman a los dos charters que iniciar\u00e1 Aerol\u00edneas Argentinas a partir de enero pr\u00f3ximo. Asimismo, destac\u00f3 un importante incremento en la ocupaci\u00f3n hotelera que empezar\u00e1 a partir del pr\u00f3ximo mes. Para 2013 hay mayoristas que cerraron con hoteles, luego de que durante la temporada baja la ocupaci\u00f3n lleg\u00f3 al 60% contra el 40% observado en a\u00f1os anteriores, y esto permitir\u00e1 cerrar 2012 con un crecimiento de entre 10% y 15% comparado con el a\u00f1o anterior.<\/p>\n<p><strong>\u00a0<\/strong>\u2730\u2730\u2730\u2730\u2730 El viernes posterior al d\u00eda de Acci\u00f3n de Gracias, llamado <em>Black Friday<\/em> o Viernes Negro, es uno de los d\u00edas de compras m\u00e1s activos del a\u00f1o en los Estados Unidos, y marca oficialmente el inicio de las compras para Navidad en todo el pa\u00eds.\u00a0\u00a0Este d\u00eda, <em>Premium Outlets<\/em><strong><em><sup>\u00ae<\/sup><\/em><\/strong><em>\u00a0<\/em>abre todos sus centros a medianoche, cuando el reloj marca las doce despu\u00e9s del D\u00eda de Acci\u00f3n de Gracias (jueves, noviembre 22). El evento de ventas m\u00e1s grande del a\u00f1o se extiende durante todo el fin de semana, e incluye ahorros especiales para los que llegan temprano.\u00a0\u00a0A continuaci\u00f3n hay un listado parcial de algunos de los Premium Outlets Centers que celebran el evento de ventas\u00a0<em>After-Thanksgiving Sale<\/em>\u00a0(D\u00eda de Acci\u00f3n de Gracias) que incluye\u00a0<em>Midnight Madness<\/em>:<strong>\u00a0<\/strong> <em>Camarillo Premium Outlets<sup>\u00ae<\/sup>, Camarillo, California<\/em>, en el \u00e1rea de Los \u00c1ngeles; <em>Carlsbad Premium Outlets<sup>\u00ae<\/sup>,<\/em> Carlsbad, California, en el \u00e1rea de San Diego; Chicago <em>Premium Outlets<\/em><sup>\u00ae<\/sup>, Aurora, Illinois; <em>Desert Hills Premium Outlets<sup>\u00ae<\/sup>,<\/em> Cabazon, California, en el \u00e1rea de <em>Palm Spring<\/em>\/Los \u00c1ngeles; Houston <em>Premium Outlets<sup>\u00ae<\/sup>; <\/em>Las Am\u00e9ricas <em>Premium Outlets<sup>\u00ae<\/sup>, <\/em>en San Diego; Las Vegas <em>Premium Outlets<sup>\u00ae<\/sup>\u00a0<\/em>(dos centros) y tambi\u00e9n los ubicados en\u00a0 <em>\u00a0<\/em>Virginia en el \u00e1rea de Washington, D.C.; <em>\u00a0<\/em>San Francisco; Atlanta; Orlando, Filadelfia, Texas, Washington, Hawaii, New York, Boston. Adem\u00e1s de la apertura a medianoche, los centros abrir\u00e1n temprano el s\u00e1bado y domingo para permitir que los compradores obtengan los mejores precios y oportunidades. Tambi\u00e9n, una lista de las ofertas especiales de cada centro ser\u00e1 anunciada en l\u00ednea en\u00a0<a href=\"http:\/\/www.premiumoutlets.com\/sales\" target=\"_blank\"><span style=\"text-decoration: underline;\">www.premiumoutlets.com\/sales<\/span><\/a>\u00a0con una semana de anticipaci\u00f3n. Algunos centros abrir\u00e1n durante el D\u00eda de Acci\u00f3n de Gracias (22 de noviembre), como los de Las Vegas<em> <\/em>y Orlando<em> <\/em>y reabrir\u00e1n a media noche<em> <\/em>para el <em>Midnight Madness.<\/em> Para los verdaderos caza-ofertas que no se quieren perder un minuto de compras, muchos hoteles cercanos a <em>Premium Outlets<\/em> en cada destino se unen a la locura del\u00a0<em>Midnight Madness<\/em>\u00a0 y ofrecen paquetes\u00a0<em>Shop &amp; Stay.<\/em> Visite la p\u00e1gina\u00a0<a href=\"http:\/\/www.premiumoutlets.com\/travel\" target=\"_blank\"><span style=\"text-decoration: underline;\">www.premiumoutlets.com\/travel<\/span><\/a>, elija el centro que quiere visitar y busque: \u2018<em>Where to Stay, What to Do\u2019<\/em>.<\/p>\n<p>\u2730\u2730\u2730\u2730\u2730\u00a0<strong>\u201c<\/strong>Denominaci\u00f3n Palacio\u201d, evento dedicado al vino y la gastronom\u00eda se realiz\u00f3 del 19 al 21 de octubre pasados siendo Argentina el pa\u00eds invitado. La inauguraci\u00f3n tuvo lugar en la tienda departamental Palacio de Hierro, en Polanco, con la presencia de directivos de la tienda, miembros de embajada de Argentina en M\u00e9xico, cuerpo diplom\u00e1tico, empresarios y clientes que disfrutaron, luego del corte de list\u00f3n de un espect\u00e1culo de tango que ofreci\u00f3 el cantante argentino, <strong>Freddy Potenza<\/strong>. Durante tres d\u00edas, \u201cDenominaci\u00f3n Palacio reuni\u00f3 a m\u00e1s de 400 etiquetas de vinos y\u00a0 los mejores productos del mundo gourmet. Hubo clases de cocina con\u00a0 renombrados chefs, catas y talleres conducidos por destacados en\u00f3logos que invitaron a expresar los sentidos a trav\u00e9s de exquisitos aromas, colores y sabores. Destacaron las conferencias que imparti\u00f3 <strong>Alberto Arizu<\/strong>, presidente de <em>Wines of<\/em> Argentina.<\/p>\n<p><em><a href=\"mailto:victoriagprado@gmail.com\" target=\"_blank\">victoriagprado@gmail.com<\/a><\/em><\/p>\n","protected":false},"excerpt":{"rendered":"<p>Cumpli\u00f3 19 a\u00f1os de vida y celebr\u00f3 con una gran comida presidida por su actual presidente <strong>C\u00e9sar Romero,<\/strong> acompa\u00f1ado de la mesa directiva y pr\u00e1cticamente todos los socios y ex presidentes; se trata de la Asociaci\u00f3n Metropolitana de Agencias de Viajes.<\/p>\n","protected":false},"author":3,"featured_media":0,"comment_status":"open","ping_status":"open","sticky":false,"template":"","format":"standard","meta":{"_monsterinsights_skip_tracking":false,"_monsterinsights_sitenote_active":false,"_monsterinsights_sitenote_note":"","_monsterinsights_sitenote_category":0,"footnotes":""},"categories":[11],"tags":[121,20781,817,107,43681,106],"class_list":["post-108575","post","type-post","status-publish","format-standard","hentry","category-turismo","tag-argentina","tag-black-friday","tag-cancun","tag-de-cinco-estrellas","tag-turismo","tag-victoria-gonzalez-prado"],"_links":{"self":[{"href":"https:\/\/www.diarioimagen.net\/index.php?rest_route=\/wp\/v2\/posts\/108575","targetHints":{"allow":["GET"]}}],"collection":[{"href":"https:\/\/www.diarioimagen.net\/index.php?rest_route=\/wp\/v2\/posts"}],"about":[{"href":"https:\/\/www.diarioimagen.net\/index.php?rest_route=\/wp\/v2\/types\/post"}],"author":[{"embeddable":true,"href":"https:\/\/www.diarioimagen.net\/index.php?rest_route=\/wp\/v2\/users\/3"}],"replies":[{"embeddable":true,"href":"https:\/\/www.diarioimagen.net\/index.php?rest_route=%2Fwp%2Fv2%2Fcomments&post=108575"}],"version-history":[{"count":0,"href":"https:\/\/www.diarioimagen.net\/index.php?rest_route=\/wp\/v2\/posts\/108575\/revisions"}],"wp:attachment":[{"href":"https:\/\/www.diarioimagen.net\/index.php?rest_route=%2Fwp%2Fv2%2Fmedia&parent=108575"}],"wp:term":[{"taxonomy":"category","embeddable":true,"href":"https:\/\/www.diarioimagen.net\/index.php?rest_route=%2Fwp%2Fv2%2Fcategories&post=108575"},{"taxonomy":"post_tag","embeddable":true,"href":"https:\/\/www.diarioimagen.net\/index.php?rest_route=%2Fwp%2Fv2%2Ftags&post=108575"}],"curies":[{"name":"wp","href":"https:\/\/api.w.org\/{rel}","templated":true}]}}