{"id":108591,"date":"2012-10-24T00:02:30","date_gmt":"2012-10-24T05:02:30","guid":{"rendered":"http:\/\/www.diarioimagen.net\/?p=108591"},"modified":"2012-10-25T02:21:35","modified_gmt":"2012-10-25T07:21:35","slug":"ebrard-entrega-a-de-la-fuente-el-reconocimiento-al-merito-medico","status":"publish","type":"post","link":"https:\/\/www.diarioimagen.net\/?p=108591","title":{"rendered":"Ebrard entrega a De la Fuente el reconocimiento al M\u00e9rito M\u00e9dico"},"content":{"rendered":"<ul>\n<li><strong><em>El jefe del GDF resalta el compromiso y trayectoria del ex rector de la UNAM y anuncia que un hospital de Iztapalapa llevar\u00e1 su nombre<\/em><\/strong><\/li>\n<\/ul>\n<div id=\"attachment_108680\" style=\"width: 250px\" class=\"wp-caption alignleft\"><a class=\"highslide\" onclick=\"return vz.expand(this)\" href=\"http:\/\/www.diarioimagen.net\/wp-content\/uploads\/2012\/10\/ebrard-1965.jpg\"><img loading=\"lazy\" decoding=\"async\" aria-describedby=\"caption-attachment-108680\" class=\"size-medium wp-image-108680\" title=\"ebrard-1965\" src=\"http:\/\/www.diarioimagen.net\/wp-content\/uploads\/2012\/10\/ebrard-1965-240x135.jpg\" alt=\"\" width=\"240\" height=\"135\" \/><\/a><p id=\"caption-attachment-108680\" class=\"wp-caption-text\">Marcelo Ebrard, jefe de gobierno del DF, entreg\u00f3 ayer a Juan Ram\u00f3n de la Fuente el Premio al M\u00e9rito M\u00e9dico.<\/p><\/div>\n<p>El jefe de gobierno, Marcelo Ebrard Casaubon, encabez\u00f3 los festejos del D\u00eda del M\u00e9dico y entreg\u00f3 el reconocimiento al M\u00e9rito M\u00e9dico Ciudad de M\u00e9xico al ex secretario de Salud y ex rector de la UNAM, Juan Ram\u00f3n de la Fuente, por su destacada labor en favor de la salud.<\/p>\n<p>En el ex convento de San Hip\u00f3lito, el mandatario local, acompa\u00f1ado por su esposa Rosalinda Bueso, resalt\u00f3 el compromiso y trayectoria del ex rector de la Universidad Nacional Aut\u00f3noma de M\u00e9xico (UNAM), al anunciar que el Hospital General de Iztapalapa llevar\u00e1 el nombre de Juan Ram\u00f3n de la Fuente.<\/p>\n<p>Ebrard Casaubon se despidi\u00f3 de los doctores que se dieron cita en el acto, al recordarles que si bien ha crecido la infraestructura hospitalaria, los trabajadores son la pieza angular para alcanzar niveles altos de salud, como los que tiene la capital del pa\u00eds, similares a los de otras naciones del mundo.<\/p>\n<p>Anunci\u00f3 que esta semana viajar\u00e1 a Houston para agradecer el apoyo de las autoridades norteamericanas en capacitaci\u00f3n en materia de oncolog\u00eda, y el siguiente paso en la capital del pa\u00eds, a\u00f1adi\u00f3, es alcanzar el chequeo anual de salud obligatorio para todos los capitalinos.<\/p>\n<p>En su oportunidad, Juan Ram\u00f3n de la Fuente agradeci\u00f3 el reconocimiento a las autoridades capitalinas, al recordar que sin salud no puede haber educaci\u00f3n ni empleo, ni desarrollo con dignidad.<\/p>\n<p>\u201cQue sin salud una sociedad no puede aspirar leg\u00edtimamente como le corresponde alcanzar mejores niveles en las generaciones subsecuentes\u201d.<\/p>\n<p>Se\u00f1al\u00f3 que el Distrito Federal, aun en medio de muchos problemas, se abre paso y logra resolverlos para estar a la altura de las grandes capitales del mundo y no s\u00f3lo eso, sino que tambi\u00e9n nos permite mantener la fe en este pa\u00eds.<\/p>\n<p>\u201cLa ciudad de M\u00e9xico nos permite mantener la fe en el pa\u00eds, recuperar ese sentido de inmenso orgullo de formar parte de esta sociedad y de esta naci\u00f3n, una ciudad de libertades, progresista que sabe respetar la pluralidad, que ha sabido anteponer al ciudadano por arriba de otras prioridades o banalidades personales\u201d, concluy\u00f3.<\/p>\n","protected":false},"excerpt":{"rendered":"<p>El jefe de gobierno, Marcelo Ebrard Casaubon, encabez\u00f3 los festejos del D\u00eda del M\u00e9dico y entreg\u00f3 el reconocimiento al M\u00e9rito M\u00e9dico Ciudad de M\u00e9xico al ex secretario de Salud y ex rector de la UNAM, Juan Ram\u00f3n de la Fuente, por su destacada labor en favor de la salud.<\/p>\n","protected":false},"author":3,"featured_media":0,"comment_status":"open","ping_status":"open","sticky":false,"template":"","format":"standard","meta":{"_monsterinsights_skip_tracking":false,"_monsterinsights_sitenote_active":false,"_monsterinsights_sitenote_note":"","_monsterinsights_sitenote_category":0,"footnotes":""},"categories":[17,6],"tags":[204,13564,8958,7350],"class_list":["post-108591","post","type-post","status-publish","format-standard","hentry","category-especiales","category-cd-de-mexico","tag-ciudad-de-mexico","tag-dia-del-medico","tag-juan-ramon-de-la-fuente","tag-marcelo-ebrard-casaubon"],"_links":{"self":[{"href":"https:\/\/www.diarioimagen.net\/index.php?rest_route=\/wp\/v2\/posts\/108591","targetHints":{"allow":["GET"]}}],"collection":[{"href":"https:\/\/www.diarioimagen.net\/index.php?rest_route=\/wp\/v2\/posts"}],"about":[{"href":"https:\/\/www.diarioimagen.net\/index.php?rest_route=\/wp\/v2\/types\/post"}],"author":[{"embeddable":true,"href":"https:\/\/www.diarioimagen.net\/index.php?rest_route=\/wp\/v2\/users\/3"}],"replies":[{"embeddable":true,"href":"https:\/\/www.diarioimagen.net\/index.php?rest_route=%2Fwp%2Fv2%2Fcomments&post=108591"}],"version-history":[{"count":0,"href":"https:\/\/www.diarioimagen.net\/index.php?rest_route=\/wp\/v2\/posts\/108591\/revisions"}],"wp:attachment":[{"href":"https:\/\/www.diarioimagen.net\/index.php?rest_route=%2Fwp%2Fv2%2Fmedia&parent=108591"}],"wp:term":[{"taxonomy":"category","embeddable":true,"href":"https:\/\/www.diarioimagen.net\/index.php?rest_route=%2Fwp%2Fv2%2Fcategories&post=108591"},{"taxonomy":"post_tag","embeddable":true,"href":"https:\/\/www.diarioimagen.net\/index.php?rest_route=%2Fwp%2Fv2%2Ftags&post=108591"}],"curies":[{"name":"wp","href":"https:\/\/api.w.org\/{rel}","templated":true}]}}