{"id":108741,"date":"2012-10-25T00:09:25","date_gmt":"2012-10-25T05:09:25","guid":{"rendered":"http:\/\/www.diarioimagen.net\/?p=108741"},"modified":"2012-10-25T02:27:35","modified_gmt":"2012-10-25T07:27:35","slug":"edomex-realiza-acciones-para-elevar-competitividad","status":"publish","type":"post","link":"https:\/\/www.diarioimagen.net\/?p=108741","title":{"rendered":"Edomex realiza acciones para elevar competitividad"},"content":{"rendered":"<ul>\n<li><strong><em>El gobernador dice que para ello se impulsa la educaci\u00f3n y las mejoras regulatorias para simplificar los tr\u00e1mites<\/em><\/strong><\/li>\n<\/ul>\n<div id=\"attachment_108861\" style=\"width: 250px\" class=\"wp-caption alignleft\"><a class=\"highslide\" onclick=\"return vz.expand(this)\" href=\"http:\/\/www.diarioimagen.net\/wp-content\/uploads\/2012\/10\/eruviel-1966.jpg\"><img loading=\"lazy\" decoding=\"async\" aria-describedby=\"caption-attachment-108861\" class=\"size-medium wp-image-108861\" title=\"eruviel-1966\" src=\"http:\/\/www.diarioimagen.net\/wp-content\/uploads\/2012\/10\/eruviel-1966-240x135.jpg\" alt=\"\" width=\"240\" height=\"135\" \/><\/a><p id=\"caption-attachment-108861\" class=\"wp-caption-text\">El gobernador Eruviel \u00c1vila Villegas, al reunirse con el Consejo Consultivo de Empresas Globales, destac\u00f3 que el Estado de M\u00e9xico impulsa educaci\u00f3n y mejoras regulatorias para ser una enitdad m\u00e1s competitiva.<\/p><\/div>\n<p>En el Estado de M\u00e9xico se realizan acciones concretas para elevar la competitividad de la entidad, se\u00f1al\u00f3 ayer ante integrantes del Consejo Consultivo de Empresas Globales (CCEG) el gobernador mexiquense, Eruviel \u00c1vila Villegas.<\/p>\n<p>El mandatario estatal se\u00f1al\u00f3 que entre ellas se encuentra el impulso a la educaci\u00f3n y la mejora regulatoria, la cual se elev\u00f3 a rango constitucional y obliga a simplificar tr\u00e1mites para la apertura de nuevos negocios y sanciona a quien los obstaculicen.<\/p>\n<p>\u201cEl Estado de M\u00e9xico es un aliado de las empresas que generan los empleos que requieren los mexiquenses. Por ello, impulsamos la educaci\u00f3n para garantizar un estado m\u00e1s competitivo, atractivo para invertir y generar m\u00e1s empleos. Asimismo, en materia de mejora regulatoria, la Constituci\u00f3n local ya obliga a simplificar tr\u00e1mites para nuevos negocios y sanciona a quienes los obstaculicen\u201d, dijo.<\/p>\n<p>En presencia de Pedro Padierna Bartning, presidente del CCEG y de grupo Pepsico M\u00e9xico, destac\u00f3 que 33 empresas pertenecientes a ese organismo tienen operaciones en el Estado de M\u00e9xico, que van desde oficinas corporativas, plantas de manufactura, almacenes, centros de distribuci\u00f3n, oficinas de ventas y centros de investigaci\u00f3n e innovaci\u00f3n, generando entre 40 y 50 mil empleos directos.<\/p>\n<p>Por ello, afirm\u00f3 que para aprovechar esta situaci\u00f3n, el gobierno estatal impulsa la educaci\u00f3n como una prioridad, porque mejorando la preparaci\u00f3n acad\u00e9mica de ni\u00f1os y j\u00f3venes, no s\u00f3lo disminuye la inseguridad, sino que hace a la entidad m\u00e1s atractiva para invertir y generar empleos.<\/p>\n<p>Luego de exponer las ventajas que tiene el Estado de M\u00e9xico para la creaci\u00f3n y el desarrollo integral de empresas, reiter\u00f3 su vocaci\u00f3n de servicio y trabajo coordinado con los diferentes niveles de gobierno, con el prop\u00f3sito de dar resultados concretos a los mexiquenses y crear un ambiente propicio para el sector productivo.<\/p>\n<p>Eruviel \u00c1vila coincidi\u00f3 con los empresarios en que es necesario buscar mecanismos para fortalecer las alianzas p\u00fablico-privadas en temas como el fomento al desarrollo de negocios, vivienda e industrias sustentables, adem\u00e1s de trabajar para tener un campo m\u00e1s productivo, sobre todo en producci\u00f3n de ma\u00edz, por lo que la actual administraci\u00f3n estatal realiza un esfuerzo importante para el desarrollo de los agricultores.<\/p>\n<p>Por ello, les reiter\u00f3 la disposici\u00f3n del gobierno mexiquense para trabajar en equipo, en todos los \u00e1mbitos, espec\u00edficamente en lo concerniente al desarrollo y apertura de nuevas empresas.<\/p>\n<p>Pedro Padierna, presidente del CCEG, expres\u00f3 que los temas en los que el gobierno estatal desarrolla sus esfuerzos, como educaci\u00f3n y seguridad, permiten a los empresarios invertir con confianza, adem\u00e1s de que el di\u00e1logo que se establece a partir de este d\u00eda permitir\u00e1 vincular las acciones del Consejo con la finalidad de aumentar la productividad y competitividad.<\/p>\n<p>\u201cEstablecimos un di\u00e1logo claro, abierto y realmente orientado a la acci\u00f3n, acordamos seis ejes de trabajo, a los cuales les daremos forma los pr\u00f3ximos d\u00edas, y que nos\u00a0que permitir\u00e1n vincular las acciones de este consejo de empresas globales con el Estado de M\u00e9xico, todas con el mismo fin, el fin de aumentar la productividad, la competitividad, para que los habitantes del Estado de M\u00e9xico puedan tener mejores empleos y mejores oportunidades de desarrollo\u201d, se\u00f1al\u00f3 el empresario.<\/p>\n<p>Indic\u00f3 que esta reuni\u00f3n refleja la apertura de las autoridades estatales con un nuevo estilo de gobierno, que establece una relaci\u00f3n estrecha con los sectores de la poblaci\u00f3n.<\/p>\n","protected":false},"excerpt":{"rendered":"<p>En el Estado de M\u00e9xico se realizan acciones concretas para elevar la competitividad de la entidad, se\u00f1al\u00f3 ayer ante integrantes del Consejo Consultivo de Empresas Globales (CCEG) el gobernador mexiquense, Eruviel \u00c1vila Villegas.<\/p>\n","protected":false},"author":3,"featured_media":0,"comment_status":"open","ping_status":"open","sticky":false,"template":"","format":"standard","meta":{"_monsterinsights_skip_tracking":false,"_monsterinsights_sitenote_active":false,"_monsterinsights_sitenote_note":"","_monsterinsights_sitenote_category":0,"footnotes":""},"categories":[5],"tags":[68,5828,43675],"class_list":["post-108741","post","type-post","status-publish","format-standard","hentry","category-estado-de-mexico","tag-edomex","tag-eruviel-avila-villegas","tag-estado-de-mexico"],"_links":{"self":[{"href":"https:\/\/www.diarioimagen.net\/index.php?rest_route=\/wp\/v2\/posts\/108741","targetHints":{"allow":["GET"]}}],"collection":[{"href":"https:\/\/www.diarioimagen.net\/index.php?rest_route=\/wp\/v2\/posts"}],"about":[{"href":"https:\/\/www.diarioimagen.net\/index.php?rest_route=\/wp\/v2\/types\/post"}],"author":[{"embeddable":true,"href":"https:\/\/www.diarioimagen.net\/index.php?rest_route=\/wp\/v2\/users\/3"}],"replies":[{"embeddable":true,"href":"https:\/\/www.diarioimagen.net\/index.php?rest_route=%2Fwp%2Fv2%2Fcomments&post=108741"}],"version-history":[{"count":0,"href":"https:\/\/www.diarioimagen.net\/index.php?rest_route=\/wp\/v2\/posts\/108741\/revisions"}],"wp:attachment":[{"href":"https:\/\/www.diarioimagen.net\/index.php?rest_route=%2Fwp%2Fv2%2Fmedia&parent=108741"}],"wp:term":[{"taxonomy":"category","embeddable":true,"href":"https:\/\/www.diarioimagen.net\/index.php?rest_route=%2Fwp%2Fv2%2Fcategories&post=108741"},{"taxonomy":"post_tag","embeddable":true,"href":"https:\/\/www.diarioimagen.net\/index.php?rest_route=%2Fwp%2Fv2%2Ftags&post=108741"}],"curies":[{"name":"wp","href":"https:\/\/api.w.org\/{rel}","templated":true}]}}