{"id":108751,"date":"2012-10-25T00:04:18","date_gmt":"2012-10-25T05:04:18","guid":{"rendered":"http:\/\/www.diarioimagen.net\/?p=108751"},"modified":"2012-10-26T04:05:35","modified_gmt":"2012-10-26T09:05:35","slug":"mancera-quiere-un-df-generador-de-riqueza","status":"publish","type":"post","link":"https:\/\/www.diarioimagen.net\/?p=108751","title":{"rendered":"Mancera quiere un DF generador de riqueza"},"content":{"rendered":"<ul>\n<li><strong><em>El jefe de gobierno electo puntualiza que el modelo de desarrollo que aplicar\u00e1 busca detonar el crecimiento econ\u00f3mico y fortalecer el tejido socia<\/em><\/strong><\/li>\n<\/ul>\n<div id=\"attachment_108831\" style=\"width: 250px\" class=\"wp-caption alignleft\"><a class=\"highslide\" onclick=\"return vz.expand(this)\" href=\"http:\/\/www.diarioimagen.net\/wp-content\/uploads\/2012\/10\/mancera-1966.jpg\"><img loading=\"lazy\" decoding=\"async\" aria-describedby=\"caption-attachment-108831\" class=\"size-medium wp-image-108831\" title=\"mancera-1966\" src=\"http:\/\/www.diarioimagen.net\/wp-content\/uploads\/2012\/10\/mancera-1966-240x135.jpg\" alt=\"\" width=\"240\" height=\"135\" \/><\/a><p id=\"caption-attachment-108831\" class=\"wp-caption-text\">Miguel \u00c1ngel Mancera, fue ponente en el Value-Investing Forum.<\/p><\/div>\n<p>El jefe de gobierno del Distrito Federal electo, Miguel \u00c1ngel Mancera Espinosa, indic\u00f3 que buscar\u00e1 pasar de una ciudad recaudadora a una generadora de riqueza.<\/p>\n<p>Al participar como ponente en el Value Investing Forum, puntualiz\u00f3 que el modelo de desarrollo que implementar\u00e1 busca detonar el crecimiento econ\u00f3mico, as\u00ed como fortalecer el tejido social.<\/p>\n<p>En el acto, desarrollado en un hotel de la zona de Santa Fe, puntualiz\u00f3 que es muy importante advertir que las actividades productivas deben de contar con un enfoque social.<\/p>\n<p>Asimismo, expres\u00f3 que es necesario mejorar las normativas relacionadas con las inversiones p\u00fablico-privadas, siempre manteniendo la certeza y seguridad jur\u00eddica de la ciudad, y que esto permita que se den esquemas modernos que puedan alentar la inversi\u00f3n.<\/p>\n<p>Detall\u00f3 que el desarrollo lo buscar\u00e1 con la participaci\u00f3n de cuatro motores en donde intervengan gobierno, academia, iniciativa privada y ciudadan\u00eda.<\/p>\n<p>Esto, con el objetivo de lograr ejes de desarrollo y marcar un modelo eficaz que tienda al favorecimiento del crecimiento econ\u00f3mico sostenido.<\/p>\n<p>Finalmente, record\u00f3 que la deuda del Distrito Federal est\u00e1 clasificada triple A y est\u00e1 por debajo de la media nacional, detallando que \u201cla deuda est\u00e1 en 55 mil millones y seguramente se va a cerrar a 61 mil\u201d.<\/p>\n<p>Cabe se\u00f1alar que al t\u00e9rmino de este foro el ex procurador capitalino asisti\u00f3 a un encuentro con el presidente electo, Enrique Pe\u00f1a Nieto y otros gobernadores de izquierda.<\/p>\n","protected":false},"excerpt":{"rendered":"<p>El jefe de gobierno del Distrito Federal electo, Miguel \u00c1ngel Mancera Espinosa, indic\u00f3 que buscar\u00e1 pasar de una ciudad recaudadora a una generadora de riqueza. Al participar como ponente en el Value Investing Forum, puntualiz\u00f3 que el modelo de desarrollo que implementar\u00e1 busca detonar el crecimiento econ\u00f3mico, as\u00ed como fortalecer el tejido social.<\/p>\n","protected":false},"author":3,"featured_media":0,"comment_status":"open","ping_status":"open","sticky":false,"template":"","format":"standard","meta":{"_monsterinsights_skip_tracking":false,"_monsterinsights_sitenote_active":false,"_monsterinsights_sitenote_note":"","_monsterinsights_sitenote_category":0,"footnotes":""},"categories":[17,6],"tags":[204,39,18,5314],"class_list":["post-108751","post","type-post","status-publish","format-standard","hentry","category-especiales","category-cd-de-mexico","tag-ciudad-de-mexico","tag-distrito-federal","tag-enrique-pena-nieto","tag-miguel-angel-mancera-espinosa"],"_links":{"self":[{"href":"https:\/\/www.diarioimagen.net\/index.php?rest_route=\/wp\/v2\/posts\/108751","targetHints":{"allow":["GET"]}}],"collection":[{"href":"https:\/\/www.diarioimagen.net\/index.php?rest_route=\/wp\/v2\/posts"}],"about":[{"href":"https:\/\/www.diarioimagen.net\/index.php?rest_route=\/wp\/v2\/types\/post"}],"author":[{"embeddable":true,"href":"https:\/\/www.diarioimagen.net\/index.php?rest_route=\/wp\/v2\/users\/3"}],"replies":[{"embeddable":true,"href":"https:\/\/www.diarioimagen.net\/index.php?rest_route=%2Fwp%2Fv2%2Fcomments&post=108751"}],"version-history":[{"count":0,"href":"https:\/\/www.diarioimagen.net\/index.php?rest_route=\/wp\/v2\/posts\/108751\/revisions"}],"wp:attachment":[{"href":"https:\/\/www.diarioimagen.net\/index.php?rest_route=%2Fwp%2Fv2%2Fmedia&parent=108751"}],"wp:term":[{"taxonomy":"category","embeddable":true,"href":"https:\/\/www.diarioimagen.net\/index.php?rest_route=%2Fwp%2Fv2%2Fcategories&post=108751"},{"taxonomy":"post_tag","embeddable":true,"href":"https:\/\/www.diarioimagen.net\/index.php?rest_route=%2Fwp%2Fv2%2Ftags&post=108751"}],"curies":[{"name":"wp","href":"https:\/\/api.w.org\/{rel}","templated":true}]}}