{"id":108777,"date":"2012-10-25T00:09:28","date_gmt":"2012-10-25T05:09:28","guid":{"rendered":"http:\/\/www.diarioimagen.net\/?p=108777"},"modified":"2012-10-25T02:47:05","modified_gmt":"2012-10-25T07:47:05","slug":"ebrard-invita-a-calderon-y-mancera-a-inaugurar-la-linea-12-del-metro","status":"publish","type":"post","link":"https:\/\/www.diarioimagen.net\/?p=108777","title":{"rendered":"Ebrard invita a Calder\u00f3n y Mancera a inaugurar la l\u00ednea 12 del Metro"},"content":{"rendered":"<ul>\n<li><strong><em>Ya operan 20 trenes<\/em><\/strong><\/li>\n<\/ul>\n<div id=\"attachment_108883\" style=\"width: 250px\" class=\"wp-caption alignleft\"><a class=\"highslide\" onclick=\"return vz.expand(this)\" href=\"http:\/\/www.diarioimagen.net\/wp-content\/uploads\/2012\/10\/ebrard-1966.jpg\"><img loading=\"lazy\" decoding=\"async\" aria-describedby=\"caption-attachment-108883\" class=\"size-medium wp-image-108883\" title=\"ebrard-1966\" src=\"http:\/\/www.diarioimagen.net\/wp-content\/uploads\/2012\/10\/ebrard-1966-240x170.jpg\" alt=\"\" width=\"240\" height=\"170\" \/><\/a><p id=\"caption-attachment-108883\" class=\"wp-caption-text\">El jefe de gobierno, Marcelo Ebrard, invit\u00f3 al presidente Felipe Calder\u00f3n y a su sucesor, Miguel \u00c1ngel Mancera,a inaugurar la l\u00ednea 12 del Metro el d\u00eda 30 de este mes.<\/p><\/div>\n<p>El jefe de gobierno, Marcelo Ebrard, realiz\u00f3 ayer el \u00faltimo recorrido de supervisi\u00f3n por la l\u00ednea 12 del Metro, previo a su inauguraci\u00f3n el pr\u00f3ximo 30 de octubre, en la que se tiene prevista la presencia del presidente Felipe Calder\u00f3n Hinojosa.<\/p>\n<p>Entrevistado al t\u00e9rmino del recorrido por la \u201cL\u00ednea Dorada\u201d de la estaci\u00f3n Ermita a Parque de los Venados, confirm\u00f3 adem\u00e1s que se tiene prevista la asistencia del jefe de gobierno electo, Miguel \u00c1ngel Mancera, as\u00ed como de legisladores locales.<\/p>\n<p>Durante el recorrido, Ebrard Casaubon inform\u00f3 que actualmente est\u00e1n en operaci\u00f3n 20 trenes con pilotaje autom\u00e1tico, en tanto que se cuenta con \u201cmuchas de las operaciones t\u00e9cnicas indispensables para poder entrar en operaci\u00f3n\u201d.<\/p>\n<p>Por ello, dijo, \u201cde suerte que el d\u00eda 30, como lo hab\u00edamos anunciado, inauguraremos esta l\u00ednea que es la obra p\u00fablica m\u00e1s importante del sexenio, no de la ciudad sino del pa\u00eds\u201d, explic\u00f3 al destacar que \u201ctambi\u00e9n estamos invitando al Presidente de la Rep\u00fablica\u201d (Felipe Calder\u00f3n Hinojosa).<\/p>\n<p>Marcelo Ebrard record\u00f3 que la mayor parte de los recursos para realizar esta obra, se logr\u00f3 gracias a la lucha que dieron varios legisladores locales y cuando se inici\u00f3 esta obra \u201cten\u00edamos muchas incertidumbres, no ten\u00edamos los resultados garantizados, hubo que luchar por ello\u201d.<\/p>\n<p>Al insistir si est\u00e1 confirmada la presencia del Ejecutivo federal, el jefe de gobierno del Distrito Federal coment\u00f3 que \u201cyo supongo que va a estar, no tiene muchas obras de \u00e9stas\u201d.<\/p>\n<p>La tambi\u00e9n llamada \u201cL\u00ednea Dorada\u201d, que conectar\u00e1 Mixcoac con Tl\u00e1huac, significar\u00e1 un importante medio de transporte que resolver\u00e1 el problema de conectividad de esta zona de la capital, pues representar\u00e1 para sus usuarios un ahorro en tiempo de traslado al reducirse de dos horas a 72 minutos.<\/p>\n<p>Se trata de la l\u00ednea del Metro \u201cm\u00e1s larga\u201d con m\u00e1s de 25 kil\u00f3metros, que cruza la ciudad en el sur, a trav\u00e9s de una ruta antigua, que atraviesa nueve tipos de suelo diferentes.<\/p>\n<p>La L\u00ednea 12 se suma a las L\u00edneas en marcha, 1, 2, 3, 4, 5, 6, 7, 8, 9, as\u00ed como A y B, conformada por 175 estaciones.<\/p>\n","protected":false},"excerpt":{"rendered":"<p>El jefe de gobierno, Marcelo Ebrard, realiz\u00f3 ayer el \u00faltimo recorrido de supervisi\u00f3n por la l\u00ednea 12 del Metro, previo a su inauguraci\u00f3n el pr\u00f3ximo 30 de octubre, en la que se tiene prevista la presencia del presidente Felipe Calder\u00f3n Hinojosa.<\/p>\n","protected":false},"author":3,"featured_media":0,"comment_status":"open","ping_status":"open","sticky":false,"template":"","format":"standard","meta":{"_monsterinsights_skip_tracking":false,"_monsterinsights_sitenote_active":false,"_monsterinsights_sitenote_note":"","_monsterinsights_sitenote_category":0,"footnotes":""},"categories":[6],"tags":[204,8433,7350,163,5314],"class_list":["post-108777","post","type-post","status-publish","format-standard","hentry","category-cd-de-mexico","tag-ciudad-de-mexico","tag-linea-12","tag-marcelo-ebrard-casaubon","tag-metro","tag-miguel-angel-mancera-espinosa"],"_links":{"self":[{"href":"https:\/\/www.diarioimagen.net\/index.php?rest_route=\/wp\/v2\/posts\/108777","targetHints":{"allow":["GET"]}}],"collection":[{"href":"https:\/\/www.diarioimagen.net\/index.php?rest_route=\/wp\/v2\/posts"}],"about":[{"href":"https:\/\/www.diarioimagen.net\/index.php?rest_route=\/wp\/v2\/types\/post"}],"author":[{"embeddable":true,"href":"https:\/\/www.diarioimagen.net\/index.php?rest_route=\/wp\/v2\/users\/3"}],"replies":[{"embeddable":true,"href":"https:\/\/www.diarioimagen.net\/index.php?rest_route=%2Fwp%2Fv2%2Fcomments&post=108777"}],"version-history":[{"count":0,"href":"https:\/\/www.diarioimagen.net\/index.php?rest_route=\/wp\/v2\/posts\/108777\/revisions"}],"wp:attachment":[{"href":"https:\/\/www.diarioimagen.net\/index.php?rest_route=%2Fwp%2Fv2%2Fmedia&parent=108777"}],"wp:term":[{"taxonomy":"category","embeddable":true,"href":"https:\/\/www.diarioimagen.net\/index.php?rest_route=%2Fwp%2Fv2%2Fcategories&post=108777"},{"taxonomy":"post_tag","embeddable":true,"href":"https:\/\/www.diarioimagen.net\/index.php?rest_route=%2Fwp%2Fv2%2Ftags&post=108777"}],"curies":[{"name":"wp","href":"https:\/\/api.w.org\/{rel}","templated":true}]}}