{"id":108915,"date":"2012-10-26T00:08:54","date_gmt":"2012-10-26T05:08:54","guid":{"rendered":"http:\/\/www.diarioimagen.net\/?p=108915"},"modified":"2012-10-26T04:14:49","modified_gmt":"2012-10-26T09:14:49","slug":"director-del-issemym-vicepresidente-de-gabinete","status":"publish","type":"post","link":"https:\/\/www.diarioimagen.net\/?p=108915","title":{"rendered":"Director del ISSEMyM, vicepresidente de gabinete"},"content":{"rendered":"<ul>\n<li><strong><em>Ricardo Trevi\u00f1o Chapa estar\u00e1 en la Regi\u00f3n XII de la entidad<\/em><\/strong><\/li>\n<\/ul>\n<div id=\"attachment_109035\" style=\"width: 250px\" class=\"wp-caption alignleft\"><a class=\"highslide\" onclick=\"return vz.expand(this)\" href=\"http:\/\/www.diarioimagen.net\/wp-content\/uploads\/2012\/10\/ISSEMYM-1967.jpg\"><img loading=\"lazy\" decoding=\"async\" aria-describedby=\"caption-attachment-109035\" class=\"size-medium wp-image-109035\" title=\"ISSEMYM-1967\" src=\"http:\/\/www.diarioimagen.net\/wp-content\/uploads\/2012\/10\/ISSEMYM-1967-240x135.jpg\" alt=\"\" width=\"240\" height=\"135\" \/><\/a><p id=\"caption-attachment-109035\" class=\"wp-caption-text\">Ricardo Trevi\u00f1o Chapa, director general del ISSEMyM fue nombrado vicepresidente del gabinete de la Regi\u00f3n XII.<\/p><\/div>\n<p><strong>Tlalnepantla, Estado de M\u00e9xico<\/strong>.- En sesi\u00f3n extraordinaria del Gabinete Regional de Tlalnepantla, Ricardo Trevi\u00f1o Chapa, director general del Instituto de Seguridad Social del Estado de M\u00e9xico y Municipios (ISSEMyM), recibi\u00f3 la vicepresidencia de gabinete de la Regi\u00f3n XII, conformada por los municipios de Tlalnepantla y Atizap\u00e1n de Zaragoza.<\/p>\n<p>\u201cHoy recibimos la estafeta en esta importante regi\u00f3n de la entidad mexiquense que se caracteriza por ser un polo de desarrollo estatal y nacional. De acuerdo a la instrucci\u00f3n que he recibido de nuestro gobernador, fortaleceremos la gesti\u00f3n municipal en beneficio de los mexiquenses\u201d, puntualiz\u00f3.<\/p>\n<p>El director general del ISSEMyM asegur\u00f3 que de esta forma se consolida una acci\u00f3n m\u00e1s del programa de regionalizaci\u00f3n que ha reportado resultados positivos para toda la poblaci\u00f3n de la entidad.<\/p>\n<p>Expres\u00f3 que la Regi\u00f3n XII es grande por la contribuci\u00f3n de su gente, as\u00ed como por sus enormes retos cotidianos y asegur\u00f3 que trabajar\u00e1 sumando esfuerzos para fortalecer las estrategias y acciones que desarrolla el gobierno del Estado de M\u00e9xico, a fin de satisfacer las necesidades de la ciudadan\u00eda.<\/p>\n<p>Asever\u00f3 que el gobernador Eruviel \u00c1vila Villegas ha dado continuidad a este exitoso esquema con el prop\u00f3sito de acercar a las comunidades y a quienes m\u00e1s lo necesitan, acciones de gobierno fundamentadas en el humanismo, la transparencia y la eficiencia.<\/p>\n<p>Para finalizar, el director general del ISSEMyM reconoci\u00f3 la gesti\u00f3n que han desarrollado los alcaldes de Tlalnepantla y Atizap\u00e1n, quienes laboraron de manera coordinada con quien hasta hoy fungi\u00f3 como vicepresidente de esta regi\u00f3n, Adri\u00e1n Fuentes Villalobos, secretario de Desarrollo Econ\u00f3mico, que desde ahora aportar\u00e1 su experiencia en la regi\u00f3n de Texcoco.<\/p>\n","protected":false},"excerpt":{"rendered":"<p>En sesi\u00f3n extraordinaria del Gabinete Regional de Tlalnepantla, Ricardo Trevi\u00f1o Chapa, director general del Instituto de Seguridad Social del Estado de M\u00e9xico y Municipios (ISSEMyM), recibi\u00f3 la vicepresidencia de gabinete de la Regi\u00f3n XII, conformada por los municipios de Tlalnepantla y Atizap\u00e1n de Zaragoza.<\/p>\n","protected":false},"author":3,"featured_media":0,"comment_status":"open","ping_status":"open","sticky":false,"template":"","format":"standard","meta":{"_monsterinsights_skip_tracking":false,"_monsterinsights_sitenote_active":false,"_monsterinsights_sitenote_note":"","_monsterinsights_sitenote_category":0,"footnotes":""},"categories":[5],"tags":[43675,700,67,169],"class_list":["post-108915","post","type-post","status-publish","format-standard","hentry","category-estado-de-mexico","tag-estado-de-mexico","tag-instituto-de-seguridad-social-del-estado-de-mexico-y-municipios","tag-ricardo-trevino-chapa","tag-tlalnepantla"],"_links":{"self":[{"href":"https:\/\/www.diarioimagen.net\/index.php?rest_route=\/wp\/v2\/posts\/108915","targetHints":{"allow":["GET"]}}],"collection":[{"href":"https:\/\/www.diarioimagen.net\/index.php?rest_route=\/wp\/v2\/posts"}],"about":[{"href":"https:\/\/www.diarioimagen.net\/index.php?rest_route=\/wp\/v2\/types\/post"}],"author":[{"embeddable":true,"href":"https:\/\/www.diarioimagen.net\/index.php?rest_route=\/wp\/v2\/users\/3"}],"replies":[{"embeddable":true,"href":"https:\/\/www.diarioimagen.net\/index.php?rest_route=%2Fwp%2Fv2%2Fcomments&post=108915"}],"version-history":[{"count":0,"href":"https:\/\/www.diarioimagen.net\/index.php?rest_route=\/wp\/v2\/posts\/108915\/revisions"}],"wp:attachment":[{"href":"https:\/\/www.diarioimagen.net\/index.php?rest_route=%2Fwp%2Fv2%2Fmedia&parent=108915"}],"wp:term":[{"taxonomy":"category","embeddable":true,"href":"https:\/\/www.diarioimagen.net\/index.php?rest_route=%2Fwp%2Fv2%2Fcategories&post=108915"},{"taxonomy":"post_tag","embeddable":true,"href":"https:\/\/www.diarioimagen.net\/index.php?rest_route=%2Fwp%2Fv2%2Ftags&post=108915"}],"curies":[{"name":"wp","href":"https:\/\/api.w.org\/{rel}","templated":true}]}}