{"id":108991,"date":"2012-10-26T00:09:14","date_gmt":"2012-10-26T05:09:14","guid":{"rendered":"http:\/\/www.diarioimagen.net\/?p=108991"},"modified":"2012-10-26T04:19:03","modified_gmt":"2012-10-26T09:19:03","slug":"ebrard-inaugura-tunel-en-periferico-y-reforma","status":"publish","type":"post","link":"https:\/\/www.diarioimagen.net\/?p=108991","title":{"rendered":"Ebrard inaugura t\u00fanel en Perif\u00e9rico y Reforma"},"content":{"rendered":"<ul>\n<li><strong><em>Asegura el mandatario que antes de terminar su gobierno estar\u00e1 concluido el tramo III de la Autopista Urbana Norte<\/em><\/strong><\/li>\n<\/ul>\n<div id=\"attachment_109045\" style=\"width: 250px\" class=\"wp-caption alignleft\"><a class=\"highslide\" onclick=\"return vz.expand(this)\" href=\"http:\/\/www.diarioimagen.net\/wp-content\/uploads\/2012\/10\/ebrard-1967.jpg\"><img loading=\"lazy\" decoding=\"async\" aria-describedby=\"caption-attachment-109045\" class=\"size-medium wp-image-109045\" title=\"ebrard-1967\" src=\"http:\/\/www.diarioimagen.net\/wp-content\/uploads\/2012\/10\/ebrard-1967-240x135.jpg\" alt=\"\" width=\"240\" height=\"135\" \/><\/a><p id=\"caption-attachment-109045\" class=\"wp-caption-text\">El t\u00fanel de Palmas a Alancastre del Perif\u00e9rico, fue inaugurado ayer por el jefe de gobierno, Marcelo Ebrard.<\/p><\/div>\n<p>El jefe de gobierno capitalino, Marcelo Ebrard, puso ayer en operaci\u00f3n el doble t\u00fanel de Perif\u00e9rico que va de Palmas a Alencastre, vialidad que sumar\u00e1 tres carriles m\u00e1s a los tres ya existentes.<\/p>\n<p>En el tramo II de la Autopista Urbana Norte (AUN), a la altura de Paseo de la Reforma y Perif\u00e9rico, Ebrard Casaubon confirm\u00f3 que antes de que termine su administraci\u00f3n quedar\u00e1 concluido el III y \u00faltimo tramo de la obra que ir\u00e1 de Alencastre a San Antonio.<\/p>\n<p>Explic\u00f3 que gracias a las condiciones del suelo, se pudo construir la obra en un menor tiempo, de tal suerte que \u201cvamos ya abrir en unos minutos estos tres carriles del t\u00fanel Perif\u00e9rico-Fuente de Petr\u00f3leos\u201d, con lo que se diplicar\u00e1 la vialidad de la zona.<\/p>\n<p>En su turno, Alfredo Hern\u00e0ndez, director general de Obras Concesionadas, destac\u00f3 que hace unos d\u00edas se retiraron 104 tabletas para poder pavimentar los carriles del doble t\u00fanel, cuya v\u00eda va a ser libre, \u201cy por arriba pasar\u00e1 el Perif\u00e9rico de cuota\u201d.<\/p>\n<p>Destac\u00f3 que la construcci\u00f3n -cuyo avance es de 86 por ciento-, cuenta con todas los adelantos de ingenier\u00eda, con lo cual la afectaci\u00f3n de la zona durante todos los trabajos fue m\u00ednima.<\/p>\n<p>La Secretar\u00eda de Obras y Servicios capitalina precis\u00f3 que, la vialidad pasa por debajo de la Fuente de Petr\u00f3leos y que esta misma noche continuar\u00e1n los trabajos de conexi\u00f3n de Palmas hacia Reforma, en un horario cotidiano de 23:00 a las 05:00 horas para no interrumpir la vialidad del lugar.<\/p>\n<p>Dijo que una vez concluidos los trabajos del Tramo II de la AUN, los camellones de Perif\u00earico que fueron intervenidos se volver\u00e0n a habilitar como tales, a fin de mejorar el arbolado y la imagen de la zona.<\/p>\n<p>Aunado a ello, anot\u00f3 la dependencia capitalina, la Fuente de Petr\u00f3leos tendr\u00e1 una imagen diferente, con cascadas de agua.<\/p>\n<p>\u201cEsta es la primera vez en la historia del Distrito Federal que se construye un doble paso a desnivel en una vialidad primaria, sin cerrarla a la circulaci\u00f3n, lo que ha significado un gran trabajo de ingenier\u00eda mexicana dise\u00f1ado para afectar lo menos posible al tr\u00e1nsito vehicular de la zona\u201d, expuso la SOS.<\/p>\n<p>Se dio a conocer que de manera paralela, por arriba de los carriles del doble t\u00fanel por donde circulan los autom\u00f3viles, continuar\u00e1n las labores para la construcci\u00f3n de la Autopista Urbana Norte (AUN).<\/p>\n","protected":false},"excerpt":{"rendered":"<p>El jefe de gobierno capitalino, Marcelo Ebrard, puso ayer en operaci\u00f3n el doble t\u00fanel de Perif\u00e9rico que va de Palmas a Alencastre, vialidad que sumar\u00e1 tres carriles m\u00e1s a los tres ya existentes.<\/p>\n","protected":false},"author":3,"featured_media":0,"comment_status":"open","ping_status":"open","sticky":false,"template":"","format":"standard","meta":{"_monsterinsights_skip_tracking":false,"_monsterinsights_sitenote_active":false,"_monsterinsights_sitenote_note":"","_monsterinsights_sitenote_category":0,"footnotes":""},"categories":[6],"tags":[204,10681,7350,1021,20015,1246],"class_list":["post-108991","post","type-post","status-publish","format-standard","hentry","category-cd-de-mexico","tag-ciudad-de-mexico","tag-inauguracion","tag-marcelo-ebrard-casaubon","tag-periferico","tag-puente","tag-reforma"],"_links":{"self":[{"href":"https:\/\/www.diarioimagen.net\/index.php?rest_route=\/wp\/v2\/posts\/108991","targetHints":{"allow":["GET"]}}],"collection":[{"href":"https:\/\/www.diarioimagen.net\/index.php?rest_route=\/wp\/v2\/posts"}],"about":[{"href":"https:\/\/www.diarioimagen.net\/index.php?rest_route=\/wp\/v2\/types\/post"}],"author":[{"embeddable":true,"href":"https:\/\/www.diarioimagen.net\/index.php?rest_route=\/wp\/v2\/users\/3"}],"replies":[{"embeddable":true,"href":"https:\/\/www.diarioimagen.net\/index.php?rest_route=%2Fwp%2Fv2%2Fcomments&post=108991"}],"version-history":[{"count":0,"href":"https:\/\/www.diarioimagen.net\/index.php?rest_route=\/wp\/v2\/posts\/108991\/revisions"}],"wp:attachment":[{"href":"https:\/\/www.diarioimagen.net\/index.php?rest_route=%2Fwp%2Fv2%2Fmedia&parent=108991"}],"wp:term":[{"taxonomy":"category","embeddable":true,"href":"https:\/\/www.diarioimagen.net\/index.php?rest_route=%2Fwp%2Fv2%2Fcategories&post=108991"},{"taxonomy":"post_tag","embeddable":true,"href":"https:\/\/www.diarioimagen.net\/index.php?rest_route=%2Fwp%2Fv2%2Ftags&post=108991"}],"curies":[{"name":"wp","href":"https:\/\/api.w.org\/{rel}","templated":true}]}}