{"id":109072,"date":"2012-10-27T00:05:01","date_gmt":"2012-10-27T05:05:01","guid":{"rendered":"http:\/\/www.diarioimagen.net\/?p=109072"},"modified":"2012-10-29T04:25:17","modified_gmt":"2012-10-29T10:25:17","slug":"senala-eruviel-avila-que-la-reforma-laboral-generara-mas-y-mejores-empleos","status":"publish","type":"post","link":"https:\/\/www.diarioimagen.net\/?p=109072","title":{"rendered":"Se\u00f1ala Eruviel \u00c1vila que la reforma laboral generar\u00e1 m\u00e1s y mejores empleos"},"content":{"rendered":"<ul>\n<li><strong><em>Durante la celebraci\u00f3n del 74 aniversario del SUTEyM, el gobernador afirm\u00f3 que de llegar a ser aprobada, esta iniciativa tendr\u00e1 que traducirse en beneficios para los mexicanos.<\/em><\/strong><\/li>\n<li><strong><em>En el tambi\u00e9n D\u00eda del Servidor P\u00fablico Sindicalizado propuso crear de un fondo de ahorro, con participaci\u00f3n del gobierno estatal y los ayuntamientos, con el prop\u00f3sito de garantizar el derecho salarial de los empleados municipales, sus pagos y prestaciones en los finales de a\u00f1o y al t\u00e9rmino de cada administraci\u00f3n.\u00a0 <\/em><\/strong><\/li>\n<\/ul>\n<div id=\"attachment_109073\" style=\"width: 250px\" class=\"wp-caption alignleft\"><a class=\"highslide\" onclick=\"return vz.expand(this)\" href=\"http:\/\/www.diarioimagen.net\/wp-content\/uploads\/2012\/10\/eruviel-027.jpg\"><img loading=\"lazy\" decoding=\"async\" aria-describedby=\"caption-attachment-109073\" class=\"size-medium wp-image-109073\" title=\"eruviel-027\" src=\"http:\/\/www.diarioimagen.net\/wp-content\/uploads\/2012\/10\/eruviel-027-240x135.jpg\" alt=\"\" width=\"240\" height=\"135\" \/><\/a><p id=\"caption-attachment-109073\" class=\"wp-caption-text\">Durante la conmemoraci\u00f3n del 74 aniversario de la creaci\u00f3n del Sindicato \u00danico de Trabajadores del Estado de M\u00e9xico y Municipios y D\u00eda del Servidor P\u00fablico Sindicalizado, el gobernador Eruviel \u00c1vila Villegas propuso crear un fondo de ahorro en el que el que participen el gobierno estatal y los ayuntamientos, con el prop\u00f3sito de garantizar el derecho salarial de los empleados municipales.<\/p><\/div>\n<p><strong>Metepec, Estado de M\u00e9xico<\/strong>.- El gobernador Eruviel \u00c1vila Villegas se\u00f1al\u00f3 que con la posible aprobaci\u00f3n de la reforma laboral, los mexicanos podr\u00e1n ser beneficiados para tener m\u00e1s y mejores empleos, adem\u00e1s de que le permitir\u00e1 al ahora presidente electo, Enrique Pe\u00f1a Nieto, servir mejor a la poblaci\u00f3n, por lo que celebr\u00f3 el impulso que los legisladores de todos los partidos han dado al tema y reiter\u00f3 su respeto a las decisiones que toman.<\/p>\n<p>\u201cCelebro que los diputados, que los senadores hayan llevado las reformas correspondientes; como ustedes saben, la iniciativa se encuentra ahorita en la C\u00e1mara de Diputados (federal). Yo respeto las decisiones que tomen los legisladores federales, pero lo que s\u00ed es muy importante es que ya pr\u00e1cticamente tenemos una reforma laboral y esto tendr\u00e1 que traducirse en beneficios para los mexicanos, para los mexiquenses, para tener m\u00e1s y mejores empleos en nuestro pa\u00eds y en el estado de M\u00e9xico,\u201d indic\u00f3.<\/p>\n<p>Esto durante la conmemoraci\u00f3n del 74 aniversario de la creaci\u00f3n del Sindicato \u00danico de Trabajadores del Estado de M\u00e9xico y Municipios (SUTEYM) y D\u00eda del Servidor P\u00fablico Sindicalizado, donde propuso crear un fondo de ahorro en el que el que participen el gobierno estatal y los ayuntamientos, con el prop\u00f3sito de garantizar el derecho salarial de los empleados municipales, sus pagos y prestaciones de ley en los finales de a\u00f1o y al t\u00e9rmino de cada administraci\u00f3n.<\/p>\n<p>Ante l\u00edderes sindicales de 11 pa\u00edses de Am\u00e9rica Latina\u00a0 y el Caribe, as\u00ed como dirigentes de otros gremios en el pa\u00eds, y ex secretarios generales del SUTYEM, detall\u00f3 que la propuesta para la creaci\u00f3n de dicho fondo, incluir\u00e1 la participaci\u00f3n de los ayuntamientos, a trav\u00e9s de la entrega de recursos, mientras que el gobierno del estado generar\u00e1 intereses a favor de los municipios.<\/p>\n<p>Acompa\u00f1ado por el presidente de la LVIII legislatura del Estado de M\u00e9xico, Octavio Mart\u00ednez Vargas, y el presidente del Tribunal Superior de Justicia de la entidad, Baruch Delgado Carbajal, Eruviel \u00c1vila indic\u00f3 que durante su administraci\u00f3n, los servidores p\u00fablicos continuar\u00e1n brindado una atenci\u00f3n distinguida por su humanismo, honradez, transparencia y eficacia, y que su gobierno se abstendr\u00e1 de tomar decisiones respecto a la seguridad social de los trabajadores, sin haber consultado las propuestas de los afiliados al SUTEYM.<\/p>\n<p>Por ello, felicit\u00f3 a Jorge Omar Vel\u00e1zquez Ruiz por su desempe\u00f1o al frente de este gremio, y agradeci\u00f3 a todos los funcionarios p\u00fablicos por contribuir a servir a los mexiquenses con calidez y eficacia.<\/p>\n<p>Eruviel \u00c1vila entreg\u00f3 tres reconocimientos por a\u00f1os de servicio y cinco preseas al m\u00e9rito sindical, a igual n\u00famero de trabajadores, e indic\u00f3 que la trayectoria y desempe\u00f1o de los galardonados son testimonio del desempe\u00f1o y arduo trabajo de los agremiados de este sindicato.<\/p>\n<p>Distingui\u00f3 el papel que tienen los funcionarios ante la sociedad, y los invit\u00f3 a trabajar incansablemente para consolidar al Estado de M\u00e9xico como una pieza clave y un ejemplo a seguir a nivel nacional.<\/p>\n<p>El secretario general del SUTEYM, Jorge Omar Vel\u00e1squez expres\u00f3 su convicci\u00f3n para seguir trabajando\u00a0 con el gobierno mexiquense, y reconoci\u00f3 el respald\u00f3 del gobernador al haber aprobado, durante su primer a\u00f1o de gesti\u00f3n, un aumento salarial, as\u00ed como la\u00a0 donaci\u00f3n de un terreno para mejorar las instalaciones sindicales, ya que con este tipo de acciones se fortalece a la instituci\u00f3n.<\/p>\n","protected":false},"excerpt":{"rendered":"<p>El gobernador Eruviel \u00c1vila Villegas se\u00f1al\u00f3 que con la posible aprobaci\u00f3n de la reforma laboral, los mexicanos podr\u00e1n ser beneficiados para tener m\u00e1s y mejores empleos, adem\u00e1s de que le permitir\u00e1 al ahora presidente electo, Enrique Pe\u00f1a Nieto, servir mejor a la poblaci\u00f3n, por lo que celebr\u00f3 el impulso que los legisladores de todos los partidos han dado al tema y reiter\u00f3 su respeto a las decisiones que toman.<\/p>\n","protected":false},"author":1,"featured_media":0,"comment_status":"open","ping_status":"open","sticky":false,"template":"","format":"standard","meta":{"_monsterinsights_skip_tracking":false,"_monsterinsights_sitenote_active":false,"_monsterinsights_sitenote_note":"","_monsterinsights_sitenote_category":0,"footnotes":""},"categories":[17],"tags":[5828,43675,2572],"class_list":["post-109072","post","type-post","status-publish","format-standard","hentry","category-especiales","tag-eruviel-avila-villegas","tag-estado-de-mexico","tag-suteym"],"_links":{"self":[{"href":"https:\/\/www.diarioimagen.net\/index.php?rest_route=\/wp\/v2\/posts\/109072","targetHints":{"allow":["GET"]}}],"collection":[{"href":"https:\/\/www.diarioimagen.net\/index.php?rest_route=\/wp\/v2\/posts"}],"about":[{"href":"https:\/\/www.diarioimagen.net\/index.php?rest_route=\/wp\/v2\/types\/post"}],"author":[{"embeddable":true,"href":"https:\/\/www.diarioimagen.net\/index.php?rest_route=\/wp\/v2\/users\/1"}],"replies":[{"embeddable":true,"href":"https:\/\/www.diarioimagen.net\/index.php?rest_route=%2Fwp%2Fv2%2Fcomments&post=109072"}],"version-history":[{"count":0,"href":"https:\/\/www.diarioimagen.net\/index.php?rest_route=\/wp\/v2\/posts\/109072\/revisions"}],"wp:attachment":[{"href":"https:\/\/www.diarioimagen.net\/index.php?rest_route=%2Fwp%2Fv2%2Fmedia&parent=109072"}],"wp:term":[{"taxonomy":"category","embeddable":true,"href":"https:\/\/www.diarioimagen.net\/index.php?rest_route=%2Fwp%2Fv2%2Fcategories&post=109072"},{"taxonomy":"post_tag","embeddable":true,"href":"https:\/\/www.diarioimagen.net\/index.php?rest_route=%2Fwp%2Fv2%2Ftags&post=109072"}],"curies":[{"name":"wp","href":"https:\/\/api.w.org\/{rel}","templated":true}]}}