{"id":109081,"date":"2012-10-28T00:05:29","date_gmt":"2012-10-28T05:05:29","guid":{"rendered":"http:\/\/www.diarioimagen.net\/?p=109081"},"modified":"2012-10-29T04:25:53","modified_gmt":"2012-10-29T10:25:53","slug":"empresas-y-trabajadores-deben-ganar-mas-y-vivir-mejor-pedro-joaquin-coldwell","status":"publish","type":"post","link":"https:\/\/www.diarioimagen.net\/?p=109081","title":{"rendered":"Empresas y trabajadores deben ganar m\u00e1s y vivir mejor: Pedro Joaqu\u00edn Coldwell"},"content":{"rendered":"<ul>\n<li><em><strong>La antig\u00fcedad no puede seguir siendo el \u00fanico m\u00e9rito para mejorar el ingreso y el bienestar, afirm\u00f3 el presidente del CEN del PRI.\u00a0<\/strong><\/em><\/li>\n<\/ul>\n<ul>\n<li><em><strong>Hay que poner m\u00e1s \u00e9nfasis en la capacitaci\u00f3n y el adiestramiento, destac\u00f3, al tomar protesta al nuevo Consejo Pol\u00edtico Estatal de San Luis Potos\u00ed.<\/strong><\/em><\/li>\n<\/ul>\n<p>&nbsp;<\/p>\n<div id=\"attachment_109082\" style=\"width: 250px\" class=\"wp-caption alignleft\"><a class=\"highslide\" onclick=\"return vz.expand(this)\" href=\"http:\/\/www.diarioimagen.net\/wp-content\/uploads\/2012\/10\/coldwell-028.jpg\"><img loading=\"lazy\" decoding=\"async\" aria-describedby=\"caption-attachment-109082\" class=\"size-medium wp-image-109082\" title=\"coldwell-028\" src=\"http:\/\/www.diarioimagen.net\/wp-content\/uploads\/2012\/10\/coldwell-028-240x135.jpg\" alt=\"\" width=\"240\" height=\"135\" \/><\/a><p id=\"caption-attachment-109082\" class=\"wp-caption-text\">Pedro Joaqu\u00edn Coldwell, presidente del CEN del PRI.<\/p><\/div>\n<p><strong>San Luis Potos\u00ed, S.L.P .-<\/strong> El presidente del CEN del PRI, Pedro Joaqu\u00edn Coldwell, afirm\u00f3 que se requiere la reforma laboral para flexibilizar las condiciones de contrataci\u00f3n, poniendo m\u00e1s \u00e9nfasis en la capacitaci\u00f3n y el adiestramiento, bajo las nuevas reglas del mercado: las empresas y los trabajadores deben ganar m\u00e1s y vivir mejor, a condici\u00f3n de que se abandone el conformismo y se lancen a la corriente modernizadora.<\/p>\n<p>\u201cLa antig\u00fcedad no puede seguir siendo el \u00fanico m\u00e9rito para mejorar el ingreso y el bienestar. El que deja de capacitarse se oxida, y oxida el movimiento productivo e institucional\u201d, subray\u00f3.<\/p>\n<p>Ante el gobernador de San Luis Potos\u00ed, Fernando Toranzo Fern\u00e1ndez y el dirigente priista de la entidad, Fernando P\u00e9rez Espinoza, Joaqu\u00edn Coldwell tom\u00f3 protesta a los nuevos integrantes del Consejo Pol\u00edtico Estatal, a quienes record\u00f3 que el M\u00e9xico de hoy no es el mismo de hace 20 a\u00f1os.<\/p>\n<p>\u201cHasta hace 20 a\u00f1os los mexicanos constitu\u00edamos una econom\u00eda cerrada, con muy baja capacidad de exportaci\u00f3n. Ahora las cosas han cambiado radicalmente, vivimos en la era de la globalizaci\u00f3n\u201d, remarc\u00f3.<\/p>\n<p>Los mercados laborales, precis\u00f3, se est\u00e1n globalizando, ante lo cual en materia de educaci\u00f3n y capacitaci\u00f3n no podemos rezagarnos. \u201cSi alg\u00fan pa\u00eds es reacio a modernizar sus instituciones y sus pol\u00edticas p\u00fablicas, quedar\u00e1 irremediablemente rezagado\u201d.<\/p>\n<p>El dirigente nacional del PRI se\u00f1al\u00f3 que cuando se promulg\u00f3 la actual Ley Federal del Trabajo en los a\u00f1os setentas, la producci\u00f3n nacional estaba protegida por barreras arancelarias y otras disposiciones.<\/p>\n<p>\u201cHoy ya no es as\u00ed, los pa\u00edses compiten por atraer inversiones internacionales y modifican su infraestructura obsoleta, avanzan en todos los \u00f3rdenes, y nos hace falta introducir mecanismos modernos en el mercado laboral\u201d, puntualiz\u00f3.<\/p>\n<p>En este marco, destac\u00f3 la gesti\u00f3n que realiza Fernando Toranzo Fern\u00e1ndez, \u201cquien preside un gobierno con profundo sentido social, orientado hacia el bienestar de la poblaci\u00f3n\u201d.<\/p>\n<p>Al mismo tiempo, resalt\u00f3 que el priismo potosino entreg\u00f3 estupendos resultados en las pasadas elecciones, al recuperar cinco de las siete diputaciones federales de la entidad, 11 de las 15 diputaciones locales, y 35 presidencias municipales de 58 posibles.<\/p>\n<p>Sobre la renovaci\u00f3n del Consejo Pol\u00edtico Estatal, Joaqu\u00edn Coldwell subray\u00f3 que hay entre sus miembros una representaci\u00f3n plural y regional, de g\u00e9nero y de edades.<\/p>\n<p>\u201cLes deseo la mejor de las suertes en su eficaz desempe\u00f1o y que coadyuven con su talento, trabajo y entusiasmo a construir el nuevo San Luis Potos\u00ed y el nuevo M\u00e9xico que ya estamos avizorando a partir del pr\u00f3ximo primero de diciembre, cuando tome protesta nuestro Presidente Enrique Pe\u00f1a Nieto\u201d, concluy\u00f3.<\/p>\n","protected":false},"excerpt":{"rendered":"<p>El presidente del CEN del PRI, Pedro Joaqu\u00edn Coldwell, afirm\u00f3 que se requiere la reforma laboral para flexibilizar las condiciones de contrataci\u00f3n, poniendo m\u00e1s \u00e9nfasis en la capacitaci\u00f3n y el adiestramiento, bajo las nuevas reglas del mercado: las empresas y los trabajadores deben ganar m\u00e1s y vivir mejor, a condici\u00f3n de que se abandone el conformismo y se lancen a la corriente modernizadora.<\/p>\n","protected":false},"author":1,"featured_media":0,"comment_status":"open","ping_status":"open","sticky":false,"template":"","format":"standard","meta":{"_monsterinsights_skip_tracking":false,"_monsterinsights_sitenote_active":false,"_monsterinsights_sitenote_note":"","_monsterinsights_sitenote_category":0,"footnotes":""},"categories":[17],"tags":[20220,43673,1012,362],"class_list":["post-109081","post","type-post","status-publish","format-standard","hentry","category-especiales","tag-cen-del-pri","tag-nacional","tag-pedro-joaquin-coldwell","tag-pri"],"_links":{"self":[{"href":"https:\/\/www.diarioimagen.net\/index.php?rest_route=\/wp\/v2\/posts\/109081","targetHints":{"allow":["GET"]}}],"collection":[{"href":"https:\/\/www.diarioimagen.net\/index.php?rest_route=\/wp\/v2\/posts"}],"about":[{"href":"https:\/\/www.diarioimagen.net\/index.php?rest_route=\/wp\/v2\/types\/post"}],"author":[{"embeddable":true,"href":"https:\/\/www.diarioimagen.net\/index.php?rest_route=\/wp\/v2\/users\/1"}],"replies":[{"embeddable":true,"href":"https:\/\/www.diarioimagen.net\/index.php?rest_route=%2Fwp%2Fv2%2Fcomments&post=109081"}],"version-history":[{"count":0,"href":"https:\/\/www.diarioimagen.net\/index.php?rest_route=\/wp\/v2\/posts\/109081\/revisions"}],"wp:attachment":[{"href":"https:\/\/www.diarioimagen.net\/index.php?rest_route=%2Fwp%2Fv2%2Fmedia&parent=109081"}],"wp:term":[{"taxonomy":"category","embeddable":true,"href":"https:\/\/www.diarioimagen.net\/index.php?rest_route=%2Fwp%2Fv2%2Fcategories&post=109081"},{"taxonomy":"post_tag","embeddable":true,"href":"https:\/\/www.diarioimagen.net\/index.php?rest_route=%2Fwp%2Fv2%2Ftags&post=109081"}],"curies":[{"name":"wp","href":"https:\/\/api.w.org\/{rel}","templated":true}]}}