{"id":109084,"date":"2012-10-28T00:04:25","date_gmt":"2012-10-28T05:04:25","guid":{"rendered":"http:\/\/www.diarioimagen.net\/?p=109084"},"modified":"2012-10-29T04:25:44","modified_gmt":"2012-10-29T10:25:44","slug":"entregan-aaron-urbina-y-hector-pedroza-mas-de-650-sillas-de-ruedas","status":"publish","type":"post","link":"https:\/\/www.diarioimagen.net\/?p=109084","title":{"rendered":"Entregan Aar\u00f3n Urbina y H\u00e9ctor Pedroza m\u00e1s de 650 sillas de ruedas"},"content":{"rendered":"<ul>\n<li><em><strong>En la segunda edici\u00f3n de la Caminata por la Salud e Integraci\u00f3n Familiar tambi\u00e9n se desarroll\u00f3 una jornada m\u00e9dica y actividades recreativas.<\/strong><\/em><\/li>\n<\/ul>\n<p>&nbsp;<\/p>\n<div id=\"attachment_109086\" style=\"width: 250px\" class=\"wp-caption alignleft\"><a class=\"highslide\" onclick=\"return vz.expand(this)\" href=\"http:\/\/www.diarioimagen.net\/wp-content\/uploads\/2012\/10\/legislatura-027.jpg\"><img loading=\"lazy\" decoding=\"async\" aria-describedby=\"caption-attachment-109086\" class=\"size-medium wp-image-109086\" title=\"legislatura-027\" src=\"http:\/\/www.diarioimagen.net\/wp-content\/uploads\/2012\/10\/legislatura-027-240x135.jpg\" alt=\"\" width=\"240\" height=\"135\" \/><\/a><p id=\"caption-attachment-109086\" class=\"wp-caption-text\">En representaci\u00f3n del Gobernador, Eruviel \u00c1vila Villegas, el secretario de Desarrollo Metropolitano, Fernando Alberto Garc\u00eda Cuevas, se\u00f1al\u00f3 que los diputados Urbina Bedolla y Pedroza Jim\u00e9nez cuentan con una sensibilidad que har\u00e1 mucho por la poblaci\u00f3n de Nezahualc\u00f3yotl.<\/p><\/div>\n<p><strong>Nezahualc\u00f3yotl, Estado de M\u00e9xico.-\u00a0<\/strong>Al hacer entrega de 675 sillas de ruedas como parte del Programa de Apoyo a Grupos Vulnerables, el presidente de la Junta de Coordinaci\u00f3n Pol\u00edtica de la LVIII Legislatura del Estado de M\u00e9xico, Aar\u00f3n Urbina Bedolla, y el diputado por el distrito XXVI de Nezahualc\u00f3yotl, H\u00e9ctor Pedroza Jim\u00e9nez, coincidieron en que \u00abla gesti\u00f3n social es un eje importante de trabajo que permite atender las necesidades de los mexiquenses, principalmente de los grupos vulnerables, a fin de beneficiarlos para que tengan mejores condiciones de vida\u201d.<\/p>\n<p>En el marco de la segunda edici\u00f3n de la Caminata por la Salud e Integraci\u00f3n Familiar, en la que participaron ni\u00f1os, j\u00f3venes y adultos mayores, el tambi\u00e9n coordinador del Grupo Parlamentario del PRI en el Congreso local, Aar\u00f3n Urbina Bedolla, coment\u00f3 que los representantes populares invertir\u00e1n todo su esfuerzo en las gestiones que sean necesarias ante el gobernador del Estado para atender de manera oportuna las necesidades de los mexiquenses; mientras que\u00a0H\u00e9ctor Pedroza Jim\u00e9nez afirm\u00f3 que seguir\u00e1 contribuyendo a mejorar la calidad de vida de sus vecinos.<\/p>\n<p>\u201cConozco a lo largo y ancho del municipio sus necesidades, llegu\u00e9 a tocar puertas de hogares en donde hab\u00eda un familiar postrado en su cama y que no pod\u00edan moverse por falta de una silla de ruedas, es por eso que ahora como diputado cumplo mi compromiso con esas familias\u201d, enfatiz\u00f3.<\/p>\n<p>Al respecto,\u00a0Urbina Bedolla se\u00f1al\u00f3 que desde el Congreso local pugnar\u00e1 para que el Gobierno Federal destine un mayor presupuesto al Estado de M\u00e9xico, lo que permitir\u00e1 asignar m\u00e1s recursos a los municipios de la entidad y as\u00ed impulsar el desarrollo de las localidades.<\/p>\n<p>Asimismo, se comprometi\u00f3 a entregar 300 cubetas de pintura para el Programa de Escuelas Dignas \u201cVamos de Pinta\u201d, que arrancar\u00e1 la pr\u00f3xima semana en el municipio y cuya meta es pintar todos los planteles del nivel b\u00e1sico del distrito XXVI.<\/p>\n<p>En representaci\u00f3n del Gobernador, Eruviel \u00c1vila Villegas, el secretario de Desarrollo Metropolitano, Fernando Alberto Garc\u00eda Cuevas, se\u00f1al\u00f3 que los diputados Urbina Bedolla y Pedroza Jim\u00e9nez cuentan con una sensibilidad que har\u00e1 mucho por la poblaci\u00f3n de Nezahualc\u00f3yotl y reiter\u00f3 que contar\u00e1n con todo el apoyo del gobierno estatal para continuar apoyando a la poblaci\u00f3n m\u00e1s necesitada.<\/p>\n<p>En este evento\u00a0\u00a0tambi\u00e9n se desarroll\u00f3 una jornada m\u00e9dica para ofrecer los servicios de mastograf\u00eda, colposcop\u00eda, dentista, examen de la vista, as\u00ed como an\u00e1lisis cl\u00ednicos de Ant\u00edgeno Prost\u00e1tico; del Virus de Inmunodeficiencia Humana (VIH), Papanicolau y pl\u00e1ticas de sexualidad.<\/p>\n<p>Para los ni\u00f1os se colocaron juegos mec\u00e1nicos y una rampa para demostraciones de acrobacia por parte de ciclistas.<\/p>\n<p>Al evento tambi\u00e9n asistieron la diputada del distrito XXV, Silvia Lara Calder\u00f3n; el presidente municipal de Nezahualc\u00f3yotl, Jos\u00e9 Salinas Navarro; la presidenta del DIF municipal, Araceli Suazo de Salinas; la titular del Instituto Municipal de Cultura F\u00edsica y Deporte, Perla Patricia B\u00e1rcenas Ponce de Le\u00f3n; la secretaria de Acci\u00f3n y Gesti\u00f3n Social del Comit\u00e9 Estatal del PRI, Elena Lino Vel\u00e1zquez; el ex alcalde de Nezahualc\u00f3yotl, Carlos Vi\u00f1as Paredes; as\u00ed como s\u00edndicos y regidores.<\/p>\n","protected":false},"excerpt":{"rendered":"<p>Al hacer entrega de 675 sillas de ruedas como parte del Programa de Apoyo a Grupos Vulnerables, el presidente de la Junta de Coordinaci\u00f3n Pol\u00edtica de la LVIII Legislatura del Estado de M\u00e9xico, Aar\u00f3n Urbina Bedolla, y el diputado por el distrito XXVI de Nezahualc\u00f3yotl, H\u00e9ctor Pedroza Jim\u00e9nez, coincidieron en que \u00abla gesti\u00f3n social es un eje importante de trabajo que permite atender las necesidades de los mexiquenses, principalmente de los grupos vulnerables, a fin de beneficiarlos para que tengan mejores condiciones de vida\u201d.<\/p>\n","protected":false},"author":1,"featured_media":0,"comment_status":"open","ping_status":"open","sticky":false,"template":"","format":"standard","meta":{"_monsterinsights_skip_tracking":false,"_monsterinsights_sitenote_active":false,"_monsterinsights_sitenote_note":"","_monsterinsights_sitenote_category":0,"footnotes":""},"categories":[17],"tags":[5828,43675],"class_list":["post-109084","post","type-post","status-publish","format-standard","hentry","category-especiales","tag-eruviel-avila-villegas","tag-estado-de-mexico"],"_links":{"self":[{"href":"https:\/\/www.diarioimagen.net\/index.php?rest_route=\/wp\/v2\/posts\/109084","targetHints":{"allow":["GET"]}}],"collection":[{"href":"https:\/\/www.diarioimagen.net\/index.php?rest_route=\/wp\/v2\/posts"}],"about":[{"href":"https:\/\/www.diarioimagen.net\/index.php?rest_route=\/wp\/v2\/types\/post"}],"author":[{"embeddable":true,"href":"https:\/\/www.diarioimagen.net\/index.php?rest_route=\/wp\/v2\/users\/1"}],"replies":[{"embeddable":true,"href":"https:\/\/www.diarioimagen.net\/index.php?rest_route=%2Fwp%2Fv2%2Fcomments&post=109084"}],"version-history":[{"count":0,"href":"https:\/\/www.diarioimagen.net\/index.php?rest_route=\/wp\/v2\/posts\/109084\/revisions"}],"wp:attachment":[{"href":"https:\/\/www.diarioimagen.net\/index.php?rest_route=%2Fwp%2Fv2%2Fmedia&parent=109084"}],"wp:term":[{"taxonomy":"category","embeddable":true,"href":"https:\/\/www.diarioimagen.net\/index.php?rest_route=%2Fwp%2Fv2%2Fcategories&post=109084"},{"taxonomy":"post_tag","embeddable":true,"href":"https:\/\/www.diarioimagen.net\/index.php?rest_route=%2Fwp%2Fv2%2Ftags&post=109084"}],"curies":[{"name":"wp","href":"https:\/\/api.w.org\/{rel}","templated":true}]}}