{"id":109088,"date":"2012-10-28T00:03:11","date_gmt":"2012-10-28T05:03:11","guid":{"rendered":"http:\/\/www.diarioimagen.net\/?p=109088"},"modified":"2012-10-29T04:25:38","modified_gmt":"2012-10-29T10:25:38","slug":"mijares-noquea-a-marquez-en-arena-ciudad-de-mexico","status":"publish","type":"post","link":"https:\/\/www.diarioimagen.net\/?p=109088","title":{"rendered":"Mijares noquea a M\u00e1rquez en Arena Ciudad de M\u00e9xico"},"content":{"rendered":"<ul>\n<li><em><strong>Mijares realiz\u00f3 una pelea inteligente con magistral manejo de su pu\u00f1o izquierdo, que impact\u00f3 en repetidas ocasiones en la cabeza de M\u00e1rquez para enfilarse al triunfo.<\/strong><\/em><\/li>\n<\/ul>\n<p>&nbsp;<\/p>\n<div id=\"attachment_109090\" style=\"width: 250px\" class=\"wp-caption alignleft\"><a class=\"highslide\" onclick=\"return vz.expand(this)\" href=\"http:\/\/www.diarioimagen.net\/wp-content\/uploads\/2012\/10\/Marquez-027.jpg\"><img loading=\"lazy\" decoding=\"async\" aria-describedby=\"caption-attachment-109090\" class=\"size-medium wp-image-109090\" title=\"Marquez-027\" src=\"http:\/\/www.diarioimagen.net\/wp-content\/uploads\/2012\/10\/Marquez-027-240x135.jpg\" alt=\"\" width=\"240\" height=\"135\" \/><\/a><p id=\"caption-attachment-109090\" class=\"wp-caption-text\">El lagunero Cristian Mijares noque\u00f3 en el noveno round al capitalino Rafael M\u00e1rquez, en el combate estelar de la funci\u00f3n en la Arena Ciudad de M\u00e9xico.<\/p><\/div>\n<p>El lagunero Cristian Mijares noque\u00f3 en el noveno round al capitalino Rafael M\u00e1rquez, en el combate estelar de la funci\u00f3n en la Arena Ciudad de M\u00e9xico de esta capital, ante diez mil 200 aficionados.<\/p>\n<p>Mijares realiz\u00f3 una pelea inteligente con magistral manejo de su pu\u00f1o izquierdo, que impact\u00f3 en repetidas ocasiones en la cabeza de M\u00e1rquez para enfilarse al triunfo.<\/p>\n<p>Desde el campanazo inicial ambos salieron en busca de la victoria, el local apost\u00f3 a su mayor fortaleza en busca de un r\u00e1pido desenlace, con buenos momentos en el primer asalto, donde alcanz\u00f3 a conectar s\u00f3lidas derechas a la cara del duranguense.<\/p>\n<p>En un choque accidental de cabezas, Mijares sali\u00f3 con un corte en la frente a la altura del entrecejo, lo que oblig\u00f3 al r\u00e9feri Guadalupe Garc\u00eda a detener la pelea para revisi\u00f3n m\u00e9dica del doctor Horacio Ram\u00edrez Mercado, quien dej\u00f3 continuar la contienda.<\/p>\n<p>Al reanudarse las acciones, el tercero sobre la superficie sancion\u00f3 a M\u00e1rquez con un punto menos.<\/p>\n<p>Mijares, desde su guardia equivocada, impact\u00f3 en repetidas ocasiones la cabeza del capitalino, quien busc\u00f3 responder con su poderoso golpeo, que resisti\u00f3 el visitante con gran preparaci\u00f3n f\u00edsica y habilidad para esquivar los golpes.<\/p>\n<p>Despu\u00e9s de cuatro giros, las tarjetas de los jueces sumaron calificaciones de 38-37 Mijares, en dos tarjetas, y 38-37 para M\u00e1rquez.<\/p>\n<p>La pelea sigui\u00f3 con el golpeo efectivo del de G\u00f3mez Palacio, con volados de izquierda que estallaban en la cara del local, mostrando los estragos del castigo con inflamaciones en los p\u00f3mulos.<\/p>\n<p>M\u00e1rquez tuvo buenos momentos al hacer retroceder a su rival con poderosas derechas a la cabeza, tratando de sacar ventaja de la sangre que nublaba la vista del ojo derecho del lagunero.<\/p>\n<p>Despu\u00e9s de ocho giros, las tarjetas indicaban el dominio de Mijares con tarjetas de 76-74, 77-74 y 76-75.<\/p>\n<p>El desenlace fue en el noveno asalto, Mijares aterriz\u00f3 salvajes volados de izquierda a la cabeza de M\u00e1rquez, quien fue rebotado contra las cuerdas por los impactos.<\/p>\n<p>Esto lo aprovech\u00f3 Mijares para abalanzarse y castigar a dos pu\u00f1os a un inerme M\u00e1rquez, para la atinada intervenci\u00f3n del r\u00e9feri y el nocaut al minuto 59 segundos de ese noveno episodio.<\/p>\n","protected":false},"excerpt":{"rendered":"<p>El lagunero Cristian Mijares noque\u00f3 en el noveno round al capitalino Rafael M\u00e1rquez, en el combate estelar de la funci\u00f3n en la Arena Ciudad de M\u00e9xico de esta capital, ante diez mil 200 aficionados.<\/p>\n","protected":false},"author":1,"featured_media":0,"comment_status":"open","ping_status":"open","sticky":false,"template":"","format":"standard","meta":{"_monsterinsights_skip_tracking":false,"_monsterinsights_sitenote_active":false,"_monsterinsights_sitenote_note":"","_monsterinsights_sitenote_category":0,"footnotes":""},"categories":[17],"tags":[6880,43680,7359],"class_list":["post-109088","post","type-post","status-publish","format-standard","hentry","category-especiales","tag-box","tag-deportes","tag-rafael-marquez"],"_links":{"self":[{"href":"https:\/\/www.diarioimagen.net\/index.php?rest_route=\/wp\/v2\/posts\/109088","targetHints":{"allow":["GET"]}}],"collection":[{"href":"https:\/\/www.diarioimagen.net\/index.php?rest_route=\/wp\/v2\/posts"}],"about":[{"href":"https:\/\/www.diarioimagen.net\/index.php?rest_route=\/wp\/v2\/types\/post"}],"author":[{"embeddable":true,"href":"https:\/\/www.diarioimagen.net\/index.php?rest_route=\/wp\/v2\/users\/1"}],"replies":[{"embeddable":true,"href":"https:\/\/www.diarioimagen.net\/index.php?rest_route=%2Fwp%2Fv2%2Fcomments&post=109088"}],"version-history":[{"count":0,"href":"https:\/\/www.diarioimagen.net\/index.php?rest_route=\/wp\/v2\/posts\/109088\/revisions"}],"wp:attachment":[{"href":"https:\/\/www.diarioimagen.net\/index.php?rest_route=%2Fwp%2Fv2%2Fmedia&parent=109088"}],"wp:term":[{"taxonomy":"category","embeddable":true,"href":"https:\/\/www.diarioimagen.net\/index.php?rest_route=%2Fwp%2Fv2%2Fcategories&post=109088"},{"taxonomy":"post_tag","embeddable":true,"href":"https:\/\/www.diarioimagen.net\/index.php?rest_route=%2Fwp%2Fv2%2Ftags&post=109088"}],"curies":[{"name":"wp","href":"https:\/\/api.w.org\/{rel}","templated":true}]}}