{"id":109096,"date":"2012-10-28T00:01:36","date_gmt":"2012-10-28T05:01:36","guid":{"rendered":"http:\/\/www.diarioimagen.net\/?p=109096"},"modified":"2012-10-29T04:25:24","modified_gmt":"2012-10-29T10:25:24","slug":"disfruta-ultimo-dia-de-la-feria-internacional-del-libro-en-el-zocalo","status":"publish","type":"post","link":"https:\/\/www.diarioimagen.net\/?p=109096","title":{"rendered":"Disfruta \u00faltimo d\u00eda de la Feria Internacional Del Libro en el Z\u00f3calo"},"content":{"rendered":"<p><a class=\"highslide\" onclick=\"return vz.expand(this)\" href=\"http:\/\/www.diarioimagen.net\/wp-content\/uploads\/2012\/10\/feria-027.jpg\"><img loading=\"lazy\" decoding=\"async\" class=\"alignleft size-medium wp-image-109098\" style=\"margin-right: 9px; margin-bottom: 9px;\" title=\"feria-027\" src=\"http:\/\/www.diarioimagen.net\/wp-content\/uploads\/2012\/10\/feria-027-240x135.jpg\" alt=\"\" width=\"240\" height=\"135\" \/><\/a>Este domingo podr\u00e1s disfrutar de las \u00faltimas funciones de \u201cHamlet\u201d, interpretadas por la Shakespeare\u00b4s Globe y la Compa\u00f1\u00eda Nacional de Teatro, como parte de las actividades de clausura de la XII Feria Internacional del Libro del Z\u00f3calo (FILZ) de la Ciudad de M\u00e9xico.<\/p>\n<p>Se llevar\u00e1n a cabo a las 12:00 y 18:00 horas en el teatro itinerante \u201cLa Corrala del Mitote\u201d ubicado en el Z\u00f3calo, la entrada es libre, sin embargo los asistentes deben solicitar los boletos, que ser\u00e1n entregados de manera individual, en el m\u00f3dulo de atenci\u00f3n ubicado en Plaza de la Constituci\u00f3n esquina Madero; estar\u00e1 abierto dos horas antes de cada funci\u00f3n.<\/p>\n<p>En el escenario Macondo se realizar\u00e1 el concierto de m\u00fasica cubana con Topete y la Nueva Trova a las 15:00 horas y Jazzbook.2 presentar\u00e1 el concierto de Magos Herrera con Alejandro Mercado, al piano; Nir Felder, en la guitarra; Peter Slavoc, en el contrabajo; Alex Kautz, en la bater\u00eda; y la presentaci\u00f3n de Germ\u00e1n Palomares, de Radio UNAM.<\/p>\n<p>Para los ni\u00f1os, el espacio \u201cReguilete\u201d invita a la presentaci\u00f3n del libro \u201cEl Anillo del C\u00e9sar\u201d, de Mar\u00eda Garc\u00eda Esper\u00f3n a las 12:00 horas, mientras que la Filarm\u00f3nica Juvenil de la Ciudad de M\u00e9xico ofrecer\u00e1 un concierto gratuito en el mismo sitio, a las 17:00 horas.<\/p>\n<p>Durante el \u00faltimo d\u00eda de la FILZ todos los espacios culturales ubicados en la Plaza de la Constituci\u00f3n ofrecer\u00e1n una amplia y diversa gama de actividades en el Foro Faro, El Caf\u00e9 \u201cLuis Cardoza y Arag\u00f3n\u201d, el Teatro el Blanquito y el Espacio Multidisciplinario.<\/p>\n<p>Asimismo, contin\u00faa la venta de libros de 225 editoriales, con m\u00e1s de 350 sellos: 123 de la C\u00e1mara Nacional de la Industria Editorial Mexicana (CANIEM), 13 acad\u00e9micas, 75 independientes\u00a0 y 13 revistas independientes.<\/p>\n<p>Para mayor informaci\u00f3n, los interesados pueden consultar la p\u00e1gina web de la Secretar\u00eda de Cultura <a href=\"http:\/\/www.cultura.df.gob.mx\" target=\"_blank\">www.cultura.df.gob.mx<\/a>.<\/p>\n","protected":false},"excerpt":{"rendered":"<p>Este domingo podr\u00e1s disfrutar de las \u00faltimas funciones de \u201cHamlet\u201d, interpretadas por la Shakespeare\u00b4s Globe y la Compa\u00f1\u00eda Nacional de Teatro, como parte de las actividades de clausura de la XII Feria Internacional del Libro del Z\u00f3calo (FILZ) de la Ciudad de M\u00e9xico.<\/p>\n","protected":false},"author":1,"featured_media":0,"comment_status":"open","ping_status":"open","sticky":false,"template":"","format":"standard","meta":{"_monsterinsights_skip_tracking":false,"_monsterinsights_sitenote_active":false,"_monsterinsights_sitenote_note":"","_monsterinsights_sitenote_category":0,"footnotes":""},"categories":[17],"tags":[43685,21203,43691,7056],"class_list":["post-109096","post","type-post","status-publish","format-standard","hentry","category-especiales","tag-cultura","tag-feria-internacional-del-libro","tag-gdf","tag-zocalo"],"_links":{"self":[{"href":"https:\/\/www.diarioimagen.net\/index.php?rest_route=\/wp\/v2\/posts\/109096","targetHints":{"allow":["GET"]}}],"collection":[{"href":"https:\/\/www.diarioimagen.net\/index.php?rest_route=\/wp\/v2\/posts"}],"about":[{"href":"https:\/\/www.diarioimagen.net\/index.php?rest_route=\/wp\/v2\/types\/post"}],"author":[{"embeddable":true,"href":"https:\/\/www.diarioimagen.net\/index.php?rest_route=\/wp\/v2\/users\/1"}],"replies":[{"embeddable":true,"href":"https:\/\/www.diarioimagen.net\/index.php?rest_route=%2Fwp%2Fv2%2Fcomments&post=109096"}],"version-history":[{"count":0,"href":"https:\/\/www.diarioimagen.net\/index.php?rest_route=\/wp\/v2\/posts\/109096\/revisions"}],"wp:attachment":[{"href":"https:\/\/www.diarioimagen.net\/index.php?rest_route=%2Fwp%2Fv2%2Fmedia&parent=109096"}],"wp:term":[{"taxonomy":"category","embeddable":true,"href":"https:\/\/www.diarioimagen.net\/index.php?rest_route=%2Fwp%2Fv2%2Fcategories&post=109096"},{"taxonomy":"post_tag","embeddable":true,"href":"https:\/\/www.diarioimagen.net\/index.php?rest_route=%2Fwp%2Fv2%2Ftags&post=109096"}],"curies":[{"name":"wp","href":"https:\/\/api.w.org\/{rel}","templated":true}]}}