{"id":109186,"date":"2012-10-29T00:02:31","date_gmt":"2012-10-29T06:02:31","guid":{"rendered":"http:\/\/www.diarioimagen.net\/?p=109186"},"modified":"2012-10-30T03:44:45","modified_gmt":"2012-10-30T09:44:45","slug":"ruben-pardo-se-lleva-la-nascar-toyota-series-de-chihuahua","status":"publish","type":"post","link":"https:\/\/www.diarioimagen.net\/?p=109186","title":{"rendered":"Rub\u00e9n Pardo se lleva la Nascar Toyota Series de Chihuahua"},"content":{"rendered":"<div id=\"attachment_109188\" style=\"width: 250px\" class=\"wp-caption alignleft\"><a class=\"highslide\" onclick=\"return vz.expand(this)\" href=\"http:\/\/www.diarioimagen.net\/wp-content\/uploads\/2012\/10\/NASCAR-1968.jpg\"><img loading=\"lazy\" decoding=\"async\" aria-describedby=\"caption-attachment-109188\" class=\"size-medium wp-image-109188\" title=\"NASCAR-1968\" src=\"http:\/\/www.diarioimagen.net\/wp-content\/uploads\/2012\/10\/NASCAR-1968-240x135.jpg\" alt=\"\" width=\"240\" height=\"135\" \/><\/a><p id=\"caption-attachment-109188\" class=\"wp-caption-text\">Rub\u00e9n Pardo se llev\u00f3 la Nascar en Chihuahua, pero no es el l\u00edder.<\/p><\/div>\n<p><strong>Chihuahua, Chih.-<\/strong> Rub\u00e9n Pardo se adjudic\u00f3 ayer la treceava fecha de la Nascar Toyota Series en el marco de la inauguraci\u00f3n del aut\u00f3dromo \u201cEl Dorado Speedway\u201d.<\/p>\n<p>Pardo complet\u00f3 las 250 vueltas al \u00f3valo de un kil\u00f3metro de longitud en dos horas tres minutos y 31.790 segundos.<\/p>\n<p>Con este resultado, el piloto del auto 15 del equipo Citizen consigui\u00f3 su primer triunfo en la temporada y la 4\u00aa en su paso con la categor\u00eda de Stock V8. Adem\u00e1s, el capitalino acab\u00f3 con una sequ\u00ed de m\u00e1s de siete a\u00f1os sin una victoria una vez que su \u00faltimo triunfo fue el 18 de septiembre de 2005 en Zacatecas.<\/p>\n<p>Respecto a la lucha por el t\u00edtulo 2012, resalta el abandono de carrera del auto No. 3 de Daniel Su\u00e1rez quien en la vuelta 130 tuvo un accidente que lo margin\u00f3 de la competencia con lo cual finaliz\u00f3 en el 30\u00ba lugar y en combinaci\u00f3n con el 8\u00ba lugar de Jorge Goeters se convierte en el nuevo l\u00edder de Nascar Toyota Serties a una fecha de concluir la temporada con una ventaja de 18 puntos.<\/p>\n","protected":false},"excerpt":{"rendered":"<p>Rub\u00e9n Pardo se adjudic\u00f3 ayer la treceava fecha de la Nascar Toyota Series en el marco de la inauguraci\u00f3n del aut\u00f3dromo \u201cEl Dorado Speedway\u201d.<\/p>\n","protected":false},"author":1,"featured_media":0,"comment_status":"open","ping_status":"open","sticky":false,"template":"","format":"standard","meta":{"_monsterinsights_skip_tracking":false,"_monsterinsights_sitenote_active":false,"_monsterinsights_sitenote_note":"","_monsterinsights_sitenote_category":0,"footnotes":""},"categories":[17,10],"tags":[43680],"class_list":["post-109186","post","type-post","status-publish","format-standard","hentry","category-especiales","category-deportes","tag-deportes"],"_links":{"self":[{"href":"https:\/\/www.diarioimagen.net\/index.php?rest_route=\/wp\/v2\/posts\/109186","targetHints":{"allow":["GET"]}}],"collection":[{"href":"https:\/\/www.diarioimagen.net\/index.php?rest_route=\/wp\/v2\/posts"}],"about":[{"href":"https:\/\/www.diarioimagen.net\/index.php?rest_route=\/wp\/v2\/types\/post"}],"author":[{"embeddable":true,"href":"https:\/\/www.diarioimagen.net\/index.php?rest_route=\/wp\/v2\/users\/1"}],"replies":[{"embeddable":true,"href":"https:\/\/www.diarioimagen.net\/index.php?rest_route=%2Fwp%2Fv2%2Fcomments&post=109186"}],"version-history":[{"count":0,"href":"https:\/\/www.diarioimagen.net\/index.php?rest_route=\/wp\/v2\/posts\/109186\/revisions"}],"wp:attachment":[{"href":"https:\/\/www.diarioimagen.net\/index.php?rest_route=%2Fwp%2Fv2%2Fmedia&parent=109186"}],"wp:term":[{"taxonomy":"category","embeddable":true,"href":"https:\/\/www.diarioimagen.net\/index.php?rest_route=%2Fwp%2Fv2%2Fcategories&post=109186"},{"taxonomy":"post_tag","embeddable":true,"href":"https:\/\/www.diarioimagen.net\/index.php?rest_route=%2Fwp%2Fv2%2Ftags&post=109186"}],"curies":[{"name":"wp","href":"https:\/\/api.w.org\/{rel}","templated":true}]}}