{"id":109217,"date":"2012-10-29T00:06:13","date_gmt":"2012-10-29T06:06:13","guid":{"rendered":"http:\/\/www.diarioimagen.net\/?p=109217"},"modified":"2012-10-29T04:36:25","modified_gmt":"2012-10-29T10:36:25","slug":"la-transparencia-es-asunto-de-estado-dice-emilio-gamboa","status":"publish","type":"post","link":"https:\/\/www.diarioimagen.net\/?p=109217","title":{"rendered":"La transparencia es asunto de Estado, dice Emilio Gamboa"},"content":{"rendered":"<ul>\n<li><em><strong>El senador pri\u00edsta se\u00f1ala que con la reforma en la materia se garantiza a la sociedad que los resultados ser\u00e1n ben\u00e9ficos para el pa\u00eds<\/strong><\/em><\/li>\n<\/ul>\n<p>&nbsp;<\/p>\n<div id=\"attachment_109220\" style=\"width: 250px\" class=\"wp-caption alignleft\"><a class=\"highslide\" onclick=\"return vz.expand(this)\" href=\"http:\/\/www.diarioimagen.net\/wp-content\/uploads\/2012\/10\/emilio-1968.jpg\"><img loading=\"lazy\" decoding=\"async\" aria-describedby=\"caption-attachment-109220\" class=\"size-medium wp-image-109220\" title=\"emilio-1968\" src=\"http:\/\/www.diarioimagen.net\/wp-content\/uploads\/2012\/10\/emilio-1968-240x135.jpg\" alt=\"\" width=\"240\" height=\"135\" \/><\/a><p id=\"caption-attachment-109220\" class=\"wp-caption-text\">Emilio Gamboa, coordinador de la bancada del PRI en el Senado.<\/p><\/div>\n<p>Para el PRI el tema de la transparencia es un asunto de Estado, afirm\u00f3 el coordinador en el Senado, Emilio Gamboa, quien asegur\u00f3 que en esa reforma, que ya se debate en esta c\u00e1mara, los priistas garantizan a la sociedad que el resultado ser\u00e1 ben\u00e9fico para el pa\u00eds.<\/p>\n<p>\u201cPorque \u00e9sta ser\u00e1, sin duda, ben\u00e9fica para la salud p\u00fablica del pa\u00eds y un elemento fundamental, no s\u00f3lo para la administraci\u00f3n, sino para la sociedad en general, y vendr\u00e1 a complementar la certeza de los mexicanos, respecto al destino de los recursos p\u00fablicos en los tres niveles de gobierno y castigar comportamientos deshonestos\u201d, estableci\u00f3 el legislador.<\/p>\n<p>En un comunicado, el l\u00edder pri\u00edsta en el Senado subray\u00f3 que en el avance de la transparencia gubernamental, los senadores del PRI no dar\u00e1n un paso atr\u00e1s ni escatimar\u00e1n esfuerzos, porque es una demanda de la sociedad mexicana, y los primeros convencidos de la necesidad de arraigarla son los pri\u00edstas.<\/p>\n<p>\u201cAdem\u00e1s, sin duda, ser\u00e1 un sobresaliente sello del presidente electo, Enrique Pe\u00f1a Nieto y, en ese sentido, no s\u00f3lo estamos comprometidos, sino convencidos\u201d.<\/p>\n<p>Hizo notar que para su bancada, el tema de la transparencia es un asunto de Estado, pues no basta el compromiso \u00e9tico de los funcionarios, sino que es necesario ir por esta reforma que construya el andamiaje legislativo para garantizar el proceso de apertura de la informaci\u00f3n.<\/p>\n<p>\u201cTal como lo ha comprometido el presidente electo, Enrique Pe\u00f1a Nieto, para el PRI y el grupo parlamentario en el Senado, la transparencia requiere de la participaci\u00f3n de todas las fuerzas pol\u00edticas. Es un tema de inter\u00e9s general para la Naci\u00f3n, por lo que debe ser incluyente, en el que nadie debe estar ajeno\u201d, apunt\u00f3.<\/p>\n<p>El tambi\u00e9n presidente de la Junta de Coordinaci\u00f3n Pol\u00edtica record\u00f3 que el Senado inici\u00f3 ya con el proceso deliberativo para construir el dictamen de la Iniciativa de Ley en Materia de Transparencia y Ampliaci\u00f3n de Facultades del Instituto Federal de Acceso a la Informaci\u00f3n y Protecci\u00f3n de Datos.<\/p>\n<p>Record\u00f3 que, para ello, se han escuchado a distintas organizaciones acad\u00e9micas, sociedad civil y a expertos en la materia, como sucedi\u00f3 con la Ley de Contabilidad Gubernamental y la reforma laboral.<br \/>\nEn su opini\u00f3n, es prioritario dotar a las instancias correspondientes de los elementos necesarios para arraigar, de una vez por todas, la cultura de la transparencia en M\u00e9xico, como lo prometi\u00f3 en campa\u00f1a el Presidente electo \u201cy estamos seguros que ser\u00e1 lo que distinga el ejercicio de gobierno durante los pr\u00f3ximos seis a\u00f1os\u201d.<\/p>\n","protected":false},"excerpt":{"rendered":"<p>Para el PRI el tema de la transparencia es un asunto de Estado, afirm\u00f3 el coordinador en el Senado, Emilio Gamboa, quien asegur\u00f3 que en esa reforma, que ya se debate en esta c\u00e1mara, los priistas garantizan a la sociedad que el resultado ser\u00e1 ben\u00e9fico para el pa\u00eds.<\/p>\n","protected":false},"author":1,"featured_media":0,"comment_status":"open","ping_status":"open","sticky":false,"template":"","format":"standard","meta":{"_monsterinsights_skip_tracking":false,"_monsterinsights_sitenote_active":false,"_monsterinsights_sitenote_note":"","_monsterinsights_sitenote_category":0,"footnotes":""},"categories":[3],"tags":[43673,362],"class_list":["post-109217","post","type-post","status-publish","format-standard","hentry","category-nacional","tag-nacional","tag-pri"],"_links":{"self":[{"href":"https:\/\/www.diarioimagen.net\/index.php?rest_route=\/wp\/v2\/posts\/109217","targetHints":{"allow":["GET"]}}],"collection":[{"href":"https:\/\/www.diarioimagen.net\/index.php?rest_route=\/wp\/v2\/posts"}],"about":[{"href":"https:\/\/www.diarioimagen.net\/index.php?rest_route=\/wp\/v2\/types\/post"}],"author":[{"embeddable":true,"href":"https:\/\/www.diarioimagen.net\/index.php?rest_route=\/wp\/v2\/users\/1"}],"replies":[{"embeddable":true,"href":"https:\/\/www.diarioimagen.net\/index.php?rest_route=%2Fwp%2Fv2%2Fcomments&post=109217"}],"version-history":[{"count":0,"href":"https:\/\/www.diarioimagen.net\/index.php?rest_route=\/wp\/v2\/posts\/109217\/revisions"}],"wp:attachment":[{"href":"https:\/\/www.diarioimagen.net\/index.php?rest_route=%2Fwp%2Fv2%2Fmedia&parent=109217"}],"wp:term":[{"taxonomy":"category","embeddable":true,"href":"https:\/\/www.diarioimagen.net\/index.php?rest_route=%2Fwp%2Fv2%2Fcategories&post=109217"},{"taxonomy":"post_tag","embeddable":true,"href":"https:\/\/www.diarioimagen.net\/index.php?rest_route=%2Fwp%2Fv2%2Ftags&post=109217"}],"curies":[{"name":"wp","href":"https:\/\/api.w.org\/{rel}","templated":true}]}}