{"id":109233,"date":"2012-10-29T00:04:19","date_gmt":"2012-10-29T06:04:19","guid":{"rendered":"http:\/\/www.diarioimagen.net\/?p=109233"},"modified":"2012-10-29T05:30:19","modified_gmt":"2012-10-29T11:30:19","slug":"perece-custodio-de-empresa-transportadora-de-valores","status":"publish","type":"post","link":"https:\/\/www.diarioimagen.net\/?p=109233","title":{"rendered":"Perece custodio de empresa transportadora de valores"},"content":{"rendered":"<ul>\n<li><strong><em>Al parecer se suicid\u00f3<\/em><\/strong><\/li>\n<\/ul>\n<div id=\"attachment_109257\" style=\"width: 250px\" class=\"wp-caption alignleft\"><a class=\"highslide\" onclick=\"return vz.expand(this)\" href=\"http:\/\/www.diarioimagen.net\/wp-content\/uploads\/2012\/10\/seguridad-1968.jpg\"><img loading=\"lazy\" decoding=\"async\" aria-describedby=\"caption-attachment-109257\" class=\"size-medium wp-image-109257\" title=\"seguridad-1968\" src=\"http:\/\/www.diarioimagen.net\/wp-content\/uploads\/2012\/10\/seguridad-1968-240x160.jpg\" alt=\"\" width=\"240\" height=\"160\" \/><\/a><p id=\"caption-attachment-109257\" class=\"wp-caption-text\">En el interior de una camioneta como la de la gr\u00e1fica qued\u00f3 el cuerpo del custodio que aparentemente se quit\u00f3 la vida.<\/p><\/div>\n<p>La tarde de ayer un custodio de la empresa transportadora de valores Cometra, aparentemente se quit\u00f3 la vida en el interior del veh\u00edculo que manejaba, mientras sus compa\u00f1eros descendieron de la unidad, en la colonia Jard\u00edn Balbuena de la delegaci\u00f3n Venustiano Carranza..<\/p>\n<p>Alrededor de las 14:00 horas, el custodio Ad\u00edn Olivera Cabrera se qued\u00f3 en el interior de la camioneta de valores perteneciente a la empresa Cometra, mientras sus compa\u00f1eros descendieron de la unidad.<\/p>\n<p>El estruendo de un disparo alert\u00f3 a los otros custodios quienes regresaron al veh\u00edculo, con matr\u00edcula 1313CB y encontraron a Olivera Cabrera en el asiento del copiloto y con un disparo en la cabeza.<\/p>\n<p>Personal de la Cruz Roja se aproxim\u00f3 a la esquina de Genaro Garc\u00eda y Fray Servando Teresa de Mier a bordo de la ambulancia n\u00famero 41, cuyos param\u00e9dicos s\u00f3lo certificaron el deceso a consecuencia de la herida de bala que ingreso por la sien derecha.<\/p>\n<p>Efectivos de la Secretar\u00eda de Seguridad P\u00fablica del Distrito Federal (SSPDF) arribaron al lugar y acordonaron la zona para salvaguardar la escena del crimen.<\/p>\n<p>El m\u00f3vil de los hechos ya es investigado por autoridades de la Procuradur\u00eda General de Justicia (PGJDF) capitalina para saber con exactitud si se trat\u00f3 de un suicidio o se dispar\u00f3 accidentalmente por jugar con su pistola de cargo calibre .38 especial.<\/p>\n","protected":false},"excerpt":{"rendered":"<p>La tarde de ayer un custodio de la empresa transportadora de valores Cometra, aparentemente se quit\u00f3 la vida en el interior del veh\u00edculo que manejaba, mientras sus compa\u00f1eros descendieron de la unidad, en la colonia Jard\u00edn Balbuena de la delegaci\u00f3n Venustiano Carranza..<\/p>\n","protected":false},"author":3,"featured_media":0,"comment_status":"open","ping_status":"open","sticky":false,"template":"","format":"standard","meta":{"_monsterinsights_skip_tracking":false,"_monsterinsights_sitenote_active":false,"_monsterinsights_sitenote_note":"","_monsterinsights_sitenote_category":0,"footnotes":""},"categories":[7],"tags":[1424,43677,18119],"class_list":["post-109233","post","type-post","status-publish","format-standard","hentry","category-seguridad","tag-secretaria-de-seguridad-publica-del-distrito-federal","tag-seguridad","tag-valores"],"_links":{"self":[{"href":"https:\/\/www.diarioimagen.net\/index.php?rest_route=\/wp\/v2\/posts\/109233","targetHints":{"allow":["GET"]}}],"collection":[{"href":"https:\/\/www.diarioimagen.net\/index.php?rest_route=\/wp\/v2\/posts"}],"about":[{"href":"https:\/\/www.diarioimagen.net\/index.php?rest_route=\/wp\/v2\/types\/post"}],"author":[{"embeddable":true,"href":"https:\/\/www.diarioimagen.net\/index.php?rest_route=\/wp\/v2\/users\/3"}],"replies":[{"embeddable":true,"href":"https:\/\/www.diarioimagen.net\/index.php?rest_route=%2Fwp%2Fv2%2Fcomments&post=109233"}],"version-history":[{"count":0,"href":"https:\/\/www.diarioimagen.net\/index.php?rest_route=\/wp\/v2\/posts\/109233\/revisions"}],"wp:attachment":[{"href":"https:\/\/www.diarioimagen.net\/index.php?rest_route=%2Fwp%2Fv2%2Fmedia&parent=109233"}],"wp:term":[{"taxonomy":"category","embeddable":true,"href":"https:\/\/www.diarioimagen.net\/index.php?rest_route=%2Fwp%2Fv2%2Fcategories&post=109233"},{"taxonomy":"post_tag","embeddable":true,"href":"https:\/\/www.diarioimagen.net\/index.php?rest_route=%2Fwp%2Fv2%2Ftags&post=109233"}],"curies":[{"name":"wp","href":"https:\/\/api.w.org\/{rel}","templated":true}]}}