{"id":109237,"date":"2012-10-29T00:07:12","date_gmt":"2012-10-29T06:07:12","guid":{"rendered":"http:\/\/www.diarioimagen.net\/?p=109237"},"modified":"2012-10-29T05:22:32","modified_gmt":"2012-10-29T11:22:32","slug":"infarto-cerebral-tercer-lugar-como-causa-de-muerte","status":"publish","type":"post","link":"https:\/\/www.diarioimagen.net\/?p=109237","title":{"rendered":"Infarto cerebral, tercer lugar como causa de muerte"},"content":{"rendered":"<h2>C\u00e1psulas de la salud<\/h2>\n<h5>Elsa Rodr\u00edguez Osorio<\/h5>\n<p>&nbsp;<\/p>\n<ul>\n<li><strong><em>El 5% de la poblaci\u00f3n infantil sufre d\u00e9ficit de atenci\u00f3n<\/em><\/strong><\/li>\n<li><strong><em>Se otorga el Premio Nacional en Ciencia y Tecnolog\u00eda de Alimentos<\/em><\/strong><\/li>\n<\/ul>\n<p><a class=\"highslide\" onclick=\"return vz.expand(this)\" href=\"http:\/\/www.diarioimagen.net\/wp-content\/uploads\/2012\/10\/infarto-cerebral-1968.jpg\"><img loading=\"lazy\" decoding=\"async\" class=\"alignleft size-medium wp-image-109245\" style=\"margin-right: 9px; margin-bottom: 9px;\" title=\"infarto-cerebral-1968\" src=\"http:\/\/www.diarioimagen.net\/wp-content\/uploads\/2012\/10\/infarto-cerebral-1968-240x157.jpg\" alt=\"\" width=\"240\" height=\"157\" \/><\/a>Hoy 29 de octubre se celebra el D\u00eda Mundial de la Enfermedad Vascular Cerebral. El doctor Antonio Arauz G\u00f3ngora, neur\u00f3logo vascular del Instituto Nacional de Neurolog\u00eda y Neurocirug\u00eda, indica que el envejecimiento de la poblaci\u00f3n y un estilo de vida poco saludable, provoca que este padecimiento sea el motivo m\u00e1s com\u00fan de discapacidad en adultos y ocupe el tercer lugar como causa de muerte en M\u00e9xico, con cerca de 150 mil decesos por a\u00f1o. Un infarto cerebral (embolia) se caracteriza por la aparici\u00f3n brusca y sin aviso de alteraciones motoras, cognitivas y del lenguaje, el cual es producido por la interrupci\u00f3n del flujo sangu\u00edneo, debido a un co\u00e1gulo o por la ruptura de un vaso, dando lugar a un derrame (hemorr\u00e1gico). Ambos casos pueden presentarse tanto en hombres como en mujeres y su incidencia es mayor conforme avanza la edad. El paciente debe ser trasladado de inmediato a una instituci\u00f3n hospitalaria dentro de las 3 primeras horas del inicio de signos como desviaci\u00f3n de la boca, dificultad para hablar (arrastrar las palabras o balbucear) y p\u00e9rdida de la movilidad y sensibilidad en un brazo, una pierna o la mitad del cuerpo. Esto contribuir\u00e1 a la posibilidad de recibir tratamiento oportuno.<\/p>\n<p align=\"center\"><strong>*****<\/strong><\/p>\n<p>Los ni\u00f1os muy impulsivos, con problemas de falta de atenci\u00f3n e hiperactividad, que les genera problemas en la vida cotidiana y en la escuela, pueden padecer trastorno por d\u00e9ficit de atenci\u00f3n con hiperactividad (TDAH). El doctor Eduardo Barrag\u00e1n, adscrito al Departamento de Neurolog\u00eda del Hospital Infantil de M\u00e9xico, se\u00f1ala que este padecimiento afecta a 5% de la poblaci\u00f3n infantil de M\u00e9xico. En el hogar tienen dificultades para seguir las reglas y parece que no escuchan cuando se les habla, no pueden organizarse y en la escuela cometen errores. Con frecuencia saltan de una tarea a otra sin terminar, pues evitan situaciones que implican un nivel constante de esfuerzo mental. Con frecuencia act\u00faan de forma inmediata sin pensar en las consecuencias, est\u00e1n inquietos, activos, hablan de forma excesiva, responden antes de que la otra persona termine, tienen dificultad para esperar su turno y frecuentemente interrumpen. Lo m\u00e1s caracter\u00edstico es la excesiva actividad motora, siempre est\u00e1n en movimiento, corren, saltan y nunca quieren ir de la mano. Es un problema de predisposici\u00f3n gen\u00e9tica heredada de los padres, y se presenta cuando tambi\u00e9n hay otros factores como prematurez, peso bajo al nacimiento, tabaquismo, consumo de bebidas alcoh\u00f3licas o drogas por parte de la madre durante el embarazo y trastornos de personalidad en la familia.<\/p>\n<p align=\"center\">******<\/p>\n<p>Veinti\u00fan investigadores fueron reconocidos con el Premio Nacional en Ciencia y Tecnolog\u00eda de Alimentos en sus cuatro categor\u00edas y el Premio Nacional al M\u00e9rito. Este certamen \u00a0ha impulsado la carrera de m\u00e1s de 1,000 investigadores y cient\u00edficos a lo largo de casi cuatro \u00a0d\u00e9cadas. Desde 1976 la Industria Mexicana de Coca-Cola y el Conacyt han reconocido el ejercicio cient\u00edfico relativo a la industria de alimentos y bebidas que ha derivado en avances para la salud o en el impulso comercial de productos nacionales a nivel internacional. En esta 36\u00aa edici\u00f3n se firm\u00f3 un acuerdo entre ambas organizaciones para reforzar el apoyo de las dos partes hacia este premio a fin de asegurar su permanencia y reafirmar su liderazgo como el m\u00e1ximo galard\u00f3n en materia alimentaria de M\u00e9xico. \u201cCon este premio buscamos acercar a la academia con las empresas, pues muchos de los casi mil trabajos que han sido reconocidos, han derivado en productos o tecnolog\u00edas que hoy forman parte de las actividades comerciales del pa\u00eds\u201d, dijo Brian Smith, presidente de Coca-Cola de M\u00e9xico. Despu\u00e9s del an\u00e1lisis de los trabajos recibidos y del proceso de deliberaci\u00f3n, el jurado decidi\u00f3 reconocer con una bolsa total de 485 mil pesos a los investigadores.<\/p>\n<p>\u00ad<a href=\"mailto:elros05_2000@yahoo.com.mx\" target=\"_blank\"><em>elros05_2000@yahoo.com.mx<\/em><\/a><\/p>\n<p>&nbsp;<\/p>\n<p>&nbsp;<\/p>\n<p>\u2014\u2014\u2014\u2014\u2014<\/p>\n","protected":false},"excerpt":{"rendered":"<p><span style=\"color: #005497;\"><strong>Elsa Rodr\u00edguez Osorio<\/strong><\/span><br \/>\n<br \/>\nHoy 29 de octubre se celebra el D\u00eda Mundial de la Enfermedad Vascular Cerebral. El doctor Antonio Arauz G\u00f3ngora, neur\u00f3logo vascular del Instituto Nacional de Neurolog\u00eda y Neurocirug\u00eda, indica que el envejecimiento de la poblaci\u00f3n y un estilo de vida poco saludable, provoca que este padecimiento sea el motivo m\u00e1s com\u00fan de discapacidad en adultos y ocupe el tercer lugar como causa de muerte en M\u00e9xico, con cerca de 150 mil decesos por a\u00f1o. <\/p>\n","protected":false},"author":3,"featured_media":0,"comment_status":"open","ping_status":"open","sticky":false,"template":"","format":"standard","meta":{"_monsterinsights_skip_tracking":false,"_monsterinsights_sitenote_active":false,"_monsterinsights_sitenote_note":"","_monsterinsights_sitenote_category":0,"footnotes":""},"categories":[877],"tags":[12894,43705,44,43692],"class_list":["post-109237","post","type-post","status-publish","format-standard","hentry","category-salud","tag-capsulas-de-la-salud","tag-elsa-rodriguez-osorio","tag-mexico","tag-salud"],"_links":{"self":[{"href":"https:\/\/www.diarioimagen.net\/index.php?rest_route=\/wp\/v2\/posts\/109237","targetHints":{"allow":["GET"]}}],"collection":[{"href":"https:\/\/www.diarioimagen.net\/index.php?rest_route=\/wp\/v2\/posts"}],"about":[{"href":"https:\/\/www.diarioimagen.net\/index.php?rest_route=\/wp\/v2\/types\/post"}],"author":[{"embeddable":true,"href":"https:\/\/www.diarioimagen.net\/index.php?rest_route=\/wp\/v2\/users\/3"}],"replies":[{"embeddable":true,"href":"https:\/\/www.diarioimagen.net\/index.php?rest_route=%2Fwp%2Fv2%2Fcomments&post=109237"}],"version-history":[{"count":0,"href":"https:\/\/www.diarioimagen.net\/index.php?rest_route=\/wp\/v2\/posts\/109237\/revisions"}],"wp:attachment":[{"href":"https:\/\/www.diarioimagen.net\/index.php?rest_route=%2Fwp%2Fv2%2Fmedia&parent=109237"}],"wp:term":[{"taxonomy":"category","embeddable":true,"href":"https:\/\/www.diarioimagen.net\/index.php?rest_route=%2Fwp%2Fv2%2Fcategories&post=109237"},{"taxonomy":"post_tag","embeddable":true,"href":"https:\/\/www.diarioimagen.net\/index.php?rest_route=%2Fwp%2Fv2%2Ftags&post=109237"}],"curies":[{"name":"wp","href":"https:\/\/api.w.org\/{rel}","templated":true}]}}