{"id":109270,"date":"2012-10-30T00:09:01","date_gmt":"2012-10-30T06:09:01","guid":{"rendered":"http:\/\/www.diarioimagen.net\/?p=109270"},"modified":"2012-10-30T03:49:43","modified_gmt":"2012-10-30T09:49:43","slug":"gem-aumenta-recursos-para-becas-del-comcyt","status":"publish","type":"post","link":"https:\/\/www.diarioimagen.net\/?p=109270","title":{"rendered":"GEM aumenta recursos para becas del Comcyt"},"content":{"rendered":"<ul>\n<li><strong><em>Tan s\u00f3lo en un a\u00f1o pasaron de 31 a 51 millones de pesos, lo que representa un alza de 64 por ciento, afirma el gobernador<\/em><\/strong><\/li>\n<\/ul>\n<div id=\"attachment_109378\" style=\"width: 250px\" class=\"wp-caption alignleft\"><a class=\"highslide\" onclick=\"return vz.expand(this)\" href=\"http:\/\/www.diarioimagen.net\/wp-content\/uploads\/2012\/10\/eruviel-1969.jpg\"><img loading=\"lazy\" decoding=\"async\" aria-describedby=\"caption-attachment-109378\" class=\"size-medium wp-image-109378\" title=\"eruviel-1969\" src=\"http:\/\/www.diarioimagen.net\/wp-content\/uploads\/2012\/10\/eruviel-1969-240x135.jpg\" alt=\"\" width=\"240\" height=\"135\" \/><\/a><p id=\"caption-attachment-109378\" class=\"wp-caption-text\">Al inaugurar el 4\u00ba Espacio Mexiquense de Ciencia y Tecnolog\u00eda, el gobernador Eruviel \u00c1vila Villegas resalt\u00f3 que durante esta administraci\u00f3n estatal se han entregado mil 356 becas en \u00e1reas cient\u00edficas y tecnol\u00f3gicas, a las que se sumar\u00e1n otras mil 81 que ser\u00e1n otorgadas en el presente a\u00f1o; mientras que gracias a un convenio con el CONACyT, se bec\u00f3 a 64 estudiantes para realizar posgrados en el extranjero.<\/p><\/div>\n<p><strong>Lerma, Estado de M\u00e9xico<\/strong>.- Al entregar reconocimientos y cheques por 50 mil pesos a cada uno de los diez ganadores del Sexto Premio a J\u00f3venes Inventores e Innovadores del Estado de M\u00e9xico 2012, el gobernador Eruviel \u00c1vila Villegas destac\u00f3 que durante el presente a\u00f1o su administraci\u00f3n increment\u00f3 el monto destinado a becas del Consejo Mexiquense de Ciencia y Tecnolog\u00eda (Comcyt).<\/p>\n<p>Se\u00f1al\u00f3 que los recursos entregados para este rubro pasaron de 31 millones a 51 millones de pesos, lo que representa un incremento de 64 por ciento.<\/p>\n<p>\u201cEn el gobierno del Estado de M\u00e9xico apoyamos estas \u00e1reas del conocimiento con la visi\u00f3n puesta en el futuro, pero con la intenci\u00f3n puesta en el presente. El Estado de M\u00e9xico es amigo de la ciencia, es amigo de la tecnolog\u00eda y, por ende, amigo de los ni\u00f1os, de los j\u00f3venes\u201d, asegur\u00f3.<\/p>\n<p>Al inaugurar el Cuarto Espacio Mexiquense de Ciencia y Tecnolog\u00eda, en el Centro Internacional de Exposiciones y Convenciones del Estado de M\u00e9xico (CIECEM), resalt\u00f3 que durante esta administraci\u00f3n se han entregado mil 356 becas en \u00e1reas cient\u00edficas y tecnol\u00f3gicas.<\/p>\n","protected":false},"excerpt":{"rendered":"<p>Al entregar reconocimientos y cheques por 50 mil pesos a cada uno de los diez ganadores del Sexto Premio a J\u00f3venes Inventores e Innovadores del Estado de M\u00e9xico 2012, el gobernador Eruviel \u00c1vila Villegas destac\u00f3 que durante el presente a\u00f1o su administraci\u00f3n increment\u00f3 el monto destinado a becas del Consejo Mexiquense de Ciencia y Tecnolog\u00eda (Comcyt).<\/p>\n","protected":false},"author":3,"featured_media":0,"comment_status":"open","ping_status":"open","sticky":false,"template":"","format":"standard","meta":{"_monsterinsights_skip_tracking":false,"_monsterinsights_sitenote_active":false,"_monsterinsights_sitenote_note":"","_monsterinsights_sitenote_category":0,"footnotes":""},"categories":[5],"tags":[771,43675,1050],"class_list":["post-109270","post","type-post","status-publish","format-standard","hentry","category-estado-de-mexico","tag-consejo-mexiquense-de-ciencia-y-tecnologia","tag-estado-de-mexico","tag-lerma"],"_links":{"self":[{"href":"https:\/\/www.diarioimagen.net\/index.php?rest_route=\/wp\/v2\/posts\/109270","targetHints":{"allow":["GET"]}}],"collection":[{"href":"https:\/\/www.diarioimagen.net\/index.php?rest_route=\/wp\/v2\/posts"}],"about":[{"href":"https:\/\/www.diarioimagen.net\/index.php?rest_route=\/wp\/v2\/types\/post"}],"author":[{"embeddable":true,"href":"https:\/\/www.diarioimagen.net\/index.php?rest_route=\/wp\/v2\/users\/3"}],"replies":[{"embeddable":true,"href":"https:\/\/www.diarioimagen.net\/index.php?rest_route=%2Fwp%2Fv2%2Fcomments&post=109270"}],"version-history":[{"count":0,"href":"https:\/\/www.diarioimagen.net\/index.php?rest_route=\/wp\/v2\/posts\/109270\/revisions"}],"wp:attachment":[{"href":"https:\/\/www.diarioimagen.net\/index.php?rest_route=%2Fwp%2Fv2%2Fmedia&parent=109270"}],"wp:term":[{"taxonomy":"category","embeddable":true,"href":"https:\/\/www.diarioimagen.net\/index.php?rest_route=%2Fwp%2Fv2%2Fcategories&post=109270"},{"taxonomy":"post_tag","embeddable":true,"href":"https:\/\/www.diarioimagen.net\/index.php?rest_route=%2Fwp%2Fv2%2Ftags&post=109270"}],"curies":[{"name":"wp","href":"https:\/\/api.w.org\/{rel}","templated":true}]}}