{"id":109447,"date":"2012-10-31T00:13:18","date_gmt":"2012-10-31T06:13:18","guid":{"rendered":"http:\/\/www.diarioimagen.net\/?p=109447"},"modified":"2012-11-01T02:23:23","modified_gmt":"2012-11-01T08:23:23","slug":"edomex-cumplira-en-tiempo-con-certificacion-de-elementos-policiacos-eruviel-avila","status":"publish","type":"post","link":"https:\/\/www.diarioimagen.net\/?p=109447","title":{"rendered":"Edomex cumplir\u00e1 en tiempo con certificaci\u00f3n de elementos policiacos: Eruviel \u00c1vila"},"content":{"rendered":"<h2>Arco Norte<\/h2>\n<h5>Jos\u00e9 Luis Monta\u00f1ez Aguilar<\/h5>\n<p>&nbsp;<\/p>\n<ul>\n<li><strong><em>La senadora Ana Lilia Herrera Anzaldo cuestiona al Ejecutivo federal sobre firma del ACTA<\/em><\/strong><\/li>\n<\/ul>\n<p>El gobernador Eruviel \u00c1vila Villegas asegur\u00f3 que el Estado de M\u00e9xico cumplir\u00e1, en el plazo establecido en los Acuerdos de Seguridad P\u00fablica Nacional, con la certificaci\u00f3n de elementos policiacos estatales, para lo cual se brindan facilidades para que los agentes realicen el examen, evitando traslados a sitios distantes.\u201cSubraya que la meta que se estipul\u00f3 en los Acuerdos de Seguridad P\u00fablica Nacional la vamos a cumplir, desde luego, la certificaci\u00f3n total. Para el gobierno del Estado de M\u00e9xico es muy importante llevar a cabo la certificaci\u00f3n que la ley federal obliga a los elementos; he instruido al secretario general de Gobierno que se brinden las facilidades para aplicar los ex\u00e1menes y evitar trasladar a los elementos a lugares distantes\u201d, expres\u00f3. Durante el evento en el que se devel\u00f3 la estatua del Polic\u00eda y el monumento al Polic\u00eda, Personal de Seguridad y Custodios Ca\u00eddos en Servicio, Eruviel \u00c1vila exhort\u00f3 a los presidentes municipales, con respeto a su autonom\u00eda, a realizar tambi\u00e9n las acciones correspondientes en este sentido.<\/p>\n<p style=\"text-align: center;\"><strong>ANA LILIA HERRERA ANZALDO<\/strong><\/p>\n<p>La senadora por el Estado de M\u00e9xico, Ana Lilia Herrera Anzaldo, llev\u00f3 a la tribuna el acuerdo mediante el cual el Senado de la Rep\u00fablica, formula al Ejecutivo federal, por conducto de la Secretar\u00eda de Gobernaci\u00f3n, seis preguntas parlamentarias sobre los t\u00e9rminos en que firm\u00f3 el Acuerdo Comercial Antifalsificaci\u00f3n (ACTA), estableciendo un plazo de 15 d\u00edas naturales para su respuesta. La legisladora puntualiz\u00f3 que el Senado est\u00e1 en contra del criterio <em>fast track<\/em> con que el gobierno federal suscribi\u00f3 el ACTA y explic\u00f3 que se ignoraron las conclusiones aprobadas por el pleno del Senado de la Rep\u00fablica, el 6 de septiembre de 2011. \u201cEl Senado est\u00e1 en contra de la forma en que el gobierno federal soslay\u00f3 las atribuciones y competencias de\u00a0 la C\u00e1mara alta para el inicio, negociaci\u00f3n e inclusi\u00f3n de reservas y firma del ACTA\u201d, dijo la pri\u00edsta.<\/p>\n<p><a href=\"mailto:montanezaguilar@gmail.com\" target=\"_blank\"><em>montanezaguilar@gmail.com<\/em><\/a><\/p>\n","protected":false},"excerpt":{"rendered":"<p><span style=\"color: #005497;\"><strong>Jos\u00e9 Luis Monta\u00f1ez Aguilar<\/strong><\/span><br \/>\n<br \/>\nEl gobernador Eruviel \u00c1vila Villegas asegur\u00f3 que el Estado de M\u00e9xico cumplir\u00e1, en el plazo establecido en los Acuerdos de Seguridad P\u00fablica Nacional, con la certificaci\u00f3n de elementos policiacos estatales, para lo cual se brindan facilidades para que los agentes realicen el examen, evitando traslados a sitios distantes.\u201cSubraya que la meta que se estipul\u00f3 en los Acuerdos de Seguridad P\u00fablica Nacional la vamos a cumplir, desde luego, la certificaci\u00f3n total.<\/p>\n","protected":false},"author":1,"featured_media":0,"comment_status":"open","ping_status":"open","sticky":false,"template":"","format":"standard","meta":{"_monsterinsights_skip_tracking":false,"_monsterinsights_sitenote_active":false,"_monsterinsights_sitenote_note":"","_monsterinsights_sitenote_category":0,"footnotes":""},"categories":[11622],"tags":[3314,13284,68,43674],"class_list":["post-109447","post","type-post","status-publish","format-standard","hentry","category-jose-luis-montanez-aguilar","tag-ana-lilia-herrera-anzaldo","tag-arco-norte","tag-edomex","tag-opinion"],"_links":{"self":[{"href":"https:\/\/www.diarioimagen.net\/index.php?rest_route=\/wp\/v2\/posts\/109447","targetHints":{"allow":["GET"]}}],"collection":[{"href":"https:\/\/www.diarioimagen.net\/index.php?rest_route=\/wp\/v2\/posts"}],"about":[{"href":"https:\/\/www.diarioimagen.net\/index.php?rest_route=\/wp\/v2\/types\/post"}],"author":[{"embeddable":true,"href":"https:\/\/www.diarioimagen.net\/index.php?rest_route=\/wp\/v2\/users\/1"}],"replies":[{"embeddable":true,"href":"https:\/\/www.diarioimagen.net\/index.php?rest_route=%2Fwp%2Fv2%2Fcomments&post=109447"}],"version-history":[{"count":0,"href":"https:\/\/www.diarioimagen.net\/index.php?rest_route=\/wp\/v2\/posts\/109447\/revisions"}],"wp:attachment":[{"href":"https:\/\/www.diarioimagen.net\/index.php?rest_route=%2Fwp%2Fv2%2Fmedia&parent=109447"}],"wp:term":[{"taxonomy":"category","embeddable":true,"href":"https:\/\/www.diarioimagen.net\/index.php?rest_route=%2Fwp%2Fv2%2Fcategories&post=109447"},{"taxonomy":"post_tag","embeddable":true,"href":"https:\/\/www.diarioimagen.net\/index.php?rest_route=%2Fwp%2Fv2%2Ftags&post=109447"}],"curies":[{"name":"wp","href":"https:\/\/api.w.org\/{rel}","templated":true}]}}