{"id":109528,"date":"2012-11-01T00:05:50","date_gmt":"2012-11-01T06:05:50","guid":{"rendered":"http:\/\/www.diarioimagen.net\/?p=109528"},"modified":"2012-11-02T04:26:37","modified_gmt":"2012-11-02T10:26:37","slug":"edomex-y-df-acuerdan-hacer-trabajo-conjunto","status":"publish","type":"post","link":"https:\/\/www.diarioimagen.net\/?p=109528","title":{"rendered":"Edomex y DF acuerdan hacer trabajo conjunto"},"content":{"rendered":"<ul>\n<li><strong><em>El gobernador Eruviel \u00c1vila se reuni\u00f3 con Miguel \u00c1ngel Mancera, jefe del gobierno del Distrito Federal electo<\/em><\/strong><\/li>\n<\/ul>\n<div id=\"attachment_109618\" style=\"width: 250px\" class=\"wp-caption alignleft\"><a class=\"highslide\" onclick=\"return vz.expand(this)\" href=\"http:\/\/www.diarioimagen.net\/wp-content\/uploads\/2012\/11\/eruviel-1971.jpg\"><img loading=\"lazy\" decoding=\"async\" aria-describedby=\"caption-attachment-109618\" class=\"size-medium wp-image-109618\" title=\"eruviel-1971\" src=\"http:\/\/www.diarioimagen.net\/wp-content\/uploads\/2012\/11\/eruviel-1971-240x135.jpg\" alt=\"\" width=\"240\" height=\"135\" \/><\/a><p id=\"caption-attachment-109618\" class=\"wp-caption-text\">El Jefe de Gobierno electo del Distrito Federal, Miguel \u00c1ngel Mancera Espinosa, y el gobernador Eruviel \u00c1vila Villegas, se reunieron en la capital mexiquense y manifestaron su disposici\u00f3n de trabajar de manera conjunta para encontrar soluciones a problemas comunes, ya que comparten la tercera zona metropolitana m\u00e1s poblada del mundo.<\/p><\/div>\n<p><strong>Toluca, Estado de M\u00e9xico<\/strong>.- Por el bienestar de los habitantes del Estado de M\u00e9xico y del Distrito Federal, el gobernador mexiquense Eruviel \u00c1vila Villegas, y el jefe del GDF electo, Miguel \u00c1ngel Mancera, acordaron ayer trabajar de manera conjunta y en equipo para encontrar soluciones a los problemas comunes de ambas entidades.<\/p>\n<p>Lo anterior, durante una reuni\u00f3n que sostuvieron en la ciudad de Toluca, donde reconocieron que estas dos entidades comparten la tercera zona metropolitana m\u00e1s poblada del mundo, por lo que manifestaron su disposici\u00f3n a laborar por el bienestar de los habitantes del Valle de M\u00e9xico.<\/p>\n<p>\u201cQuiero destacar la generosidad, la disposici\u00f3n, la altura de miras del doctor Miguel \u00c1ngel Mancera, por su disposici\u00f3n de trabajar en equipo; cuando se trabaja en equipo se avanza m\u00e1s, no importando temas partidistas o ideol\u00f3gicos. La gente no quiere saber de partidos o de cuestiones territoriales, quiere tener soluci\u00f3n a sus problemas\u201d, expres\u00f3 el gobernador mexiquense.<\/p>\n<p>Por su parte, Mancera Espinosa agradeci\u00f3 la recepci\u00f3n del titular del Ejecutivo estatal y se\u00f1al\u00f3 que una vez que asuma la jefatura de gobierno, habr\u00e1 una relaci\u00f3n fruct\u00edfera con el Estado de M\u00e9xico en todos los temas que comparten y los que implican la convivencia metropolitana.<\/p>\n<p>\u201cPor parte de la viudad de M\u00e9xico estaremos muy atentos a colaborar a participar, a encontrar desarrollo, innovaci\u00f3n y beneficios para todos. Agradezco mucho la disposici\u00f3n del gobernador Eruviel \u00c1vila para tener esta pl\u00e1tica tan cercana\u201d, se\u00f1al\u00f3.<\/p>\n<p>Eruviel \u00c1vila destac\u00f3 que sin duda habr\u00e1 continuidad en la buena relaci\u00f3n con el gobierno capitalino, como la que ha habido con el actual jefe de gobierno, Marcelo Ebrard Casaub\u00f3n, e inform\u00f3 que establecieron una reuni\u00f3n de trabajo, donde se abordaron diversos temas de relevancia para la zona metropolitana del Valle de M\u00e9xico, la tercera m\u00e1s poblada del mundo, con m\u00e1s de 20 millones de habitantes, s\u00f3lo despu\u00e9s de Tokio, Jap\u00f3n y Nueva Delhi, India.<\/p>\n<p>El jefe de gobierno electo consider\u00f3 que es fundamental que el Distrito Federal y el Estado de M\u00e9xico\u00a0 trabajen de manera coordinada, en una alianza estrat\u00e9gica, y reiter\u00f3 su convicci\u00f3n de trabajar unidos por el bien de ambos territorios y de sus habitantes.<\/p>\n<p>Luego de augurar una muy buena relaci\u00f3n ente ambos gobiernos, Miguel \u00c1ngel Mancera y Eruviel \u00c1vila se\u00f1alaron que una vez que el jefe de gobierno electo designe a su equipo de trabajo, los integrantes de ambos gobiernos establecer\u00e1n encuentros para dar seguimiento a los trabajos en diversos rubros y darle continuidad a esta colaboraci\u00f3n.<\/p>\n","protected":false},"excerpt":{"rendered":"<p>Por el bienestar de los habitantes del Estado de M\u00e9xico y del Distrito Federal, el gobernador mexiquense Eruviel \u00c1vila Villegas, y el jefe del GDF electo, Miguel \u00c1ngel Mancera, acordaron ayer trabajar de manera conjunta y en equipo para encontrar soluciones a los problemas comunes de ambas entidades.<\/p>\n","protected":false},"author":3,"featured_media":0,"comment_status":"open","ping_status":"open","sticky":false,"template":"","format":"standard","meta":{"_monsterinsights_skip_tracking":false,"_monsterinsights_sitenote_active":false,"_monsterinsights_sitenote_note":"","_monsterinsights_sitenote_category":0,"footnotes":""},"categories":[17,5],"tags":[39,5828,43675,43691,452],"class_list":["post-109528","post","type-post","status-publish","format-standard","hentry","category-especiales","category-estado-de-mexico","tag-distrito-federal","tag-eruviel-avila-villegas","tag-estado-de-mexico","tag-gdf","tag-toluca"],"_links":{"self":[{"href":"https:\/\/www.diarioimagen.net\/index.php?rest_route=\/wp\/v2\/posts\/109528","targetHints":{"allow":["GET"]}}],"collection":[{"href":"https:\/\/www.diarioimagen.net\/index.php?rest_route=\/wp\/v2\/posts"}],"about":[{"href":"https:\/\/www.diarioimagen.net\/index.php?rest_route=\/wp\/v2\/types\/post"}],"author":[{"embeddable":true,"href":"https:\/\/www.diarioimagen.net\/index.php?rest_route=\/wp\/v2\/users\/3"}],"replies":[{"embeddable":true,"href":"https:\/\/www.diarioimagen.net\/index.php?rest_route=%2Fwp%2Fv2%2Fcomments&post=109528"}],"version-history":[{"count":0,"href":"https:\/\/www.diarioimagen.net\/index.php?rest_route=\/wp\/v2\/posts\/109528\/revisions"}],"wp:attachment":[{"href":"https:\/\/www.diarioimagen.net\/index.php?rest_route=%2Fwp%2Fv2%2Fmedia&parent=109528"}],"wp:term":[{"taxonomy":"category","embeddable":true,"href":"https:\/\/www.diarioimagen.net\/index.php?rest_route=%2Fwp%2Fv2%2Fcategories&post=109528"},{"taxonomy":"post_tag","embeddable":true,"href":"https:\/\/www.diarioimagen.net\/index.php?rest_route=%2Fwp%2Fv2%2Ftags&post=109528"}],"curies":[{"name":"wp","href":"https:\/\/api.w.org\/{rel}","templated":true}]}}