{"id":109547,"date":"2012-11-01T00:03:18","date_gmt":"2012-11-01T06:03:18","guid":{"rendered":"http:\/\/www.diarioimagen.net\/?p=109547"},"modified":"2012-11-02T01:38:05","modified_gmt":"2012-11-02T07:38:05","slug":"jubilar-ex-trabajadores-de-luz-y-fuerza-senador-fayad","status":"publish","type":"post","link":"https:\/\/www.diarioimagen.net\/?p=109547","title":{"rendered":"Jubilar ex trabajadores de Luz y Fuerza: senador Fayad"},"content":{"rendered":"<h2>Detr\u00e1s del Poder<\/h2>\n<h5>Jos\u00e9 Antonio L\u00f3pez Sosa<\/h5>\n<p><span><br \/>\nEl senador por Hidalgo, Omar Fayad (PRI), hizo una proposici\u00f3n con punto de acuerdo en la C\u00e1mara alta, en torno al tema de los ex trabajadores de Luz y Fuerza del Centro. Se trata de jubilar a aquellos ex trabajadores, que de acuerdo a la cl\u00e1usula 64 que marca su contrato colectivo de trabajo, cumplieran con los requisitos de jubilaci\u00f3n entre el 11 de octubre de 2009 -fecha de la extinci\u00f3n del organismo- y el 31 de diciembre de 2012.<\/span><\/p>\n<p>Evidentemente, el sustento de la propuesta es el amparo otorgado al Sindicato Mexicano de Electricistas (SME) y a los ex trabajadores por el Poder Judicial de la Federaci\u00f3n, donde se confirma que el patr\u00f3n sustituto es la Comisi\u00f3n Federal de Electricidad y que las relaciones laborales no concluyeron con el decreto de extinci\u00f3n.<\/p>\n<p>El senador Fayad hace la propuesta para que se incluya el rubro en el Presupuesto de Egresos de la Federaci\u00f3n del a\u00f1o entrante, al final del d\u00eda esta situaci\u00f3n prosperar\u00e1 y se busca tener la partida prevista para otorgar estas jubilaciones a las que miles de trabajadores que cumplieron con los requisitos del contrato colectivo, tienen derecho.<\/p>\n<p>La \u00fanica reserva de esta propuesta tiene que ver con aquellos trabajadores que aceptaron la indemnizaci\u00f3n por parte del gobierno federal en aquel momento. No se trat\u00f3 de una liquidaci\u00f3n, sino de una indemnizaci\u00f3n, los trabajadores que la recibieron firmaron un documento donde renunciaban pr\u00e1cticamente a cualquier derecho que tuviesen con motivo de la extinci\u00f3n del organismo y del despido injustificado, del que m\u00e1s de 40 mil empleados fueron v\u00edctimas.<\/p>\n<p>Me parece una propuesta sensata del senador Fayad, no se puede continuar con una ceguera permanente -como sucede en la residencia oficial de Los Pinos- creyendo que la extinci\u00f3n de Luz y Fuerza con todo lo que implic\u00f3 y todo el conflicto que a\u00fan persiste, fue una decisi\u00f3n acertada, si as\u00ed hubiere sido, no habr\u00eda un conflicto vivo a m\u00e1s de 3 a\u00f1os del hecho.<\/p>\n<p>Hace un par de noches, entrevistamos en nuestra emisi\u00f3n radiof\u00f3nica F\u00f3rmula Confidencial, a trav\u00e9s de Radio F\u00f3rmula, al senador Fayad. Refrend\u00f3 las razones que lo llevaron a subir este punto de acuerdo y se comprometi\u00f3 a dar seguimiento al tema, con el \u00fanico fin de respetar el derecho vulnerado de miles de trabajadores que est\u00e1n en ese caso: cumpliendo los requisitos de jubilaci\u00f3n de Luz y Fuerza del Centro entre el 11 de octubre de 2009 y el 31 de diciembre de 2012.<\/p>\n<p>Obra en nuestro poder una lista con m\u00e1s de mil, pronto la haremos llegar al senador Fayad para que cuente con elementos sustantivos en la b\u00fasqueda por este paso en la soluci\u00f3n de un conflicto desatado por una m\u00e1s de las decisiones irracionales del Presidente en turno.<\/p>\n<p><em><a href=\"mailto:lopez.sosa@mexico.com\" target=\"_blank\">lopez.sosa@mexico.com<\/a><\/em><br \/>\n<em><a href=\"http:\/\/twitter.com\/#%21\/joseantonio1977\" target=\"_blank\">@joseantonio1977<br \/>\n<\/a><\/em><em><a href=\"http:\/\/www.formulaconfidencial.com.mx\" target=\"_blank\">www.formulaconfidencial.com.mx<\/a><\/em><\/p>\n","protected":false},"excerpt":{"rendered":"<p><span style=\"color: #005497;\"><strong>Jos\u00e9 Antonio L\u00f3pez Sosa<\/strong><\/span><\/p>\n","protected":false},"author":3,"featured_media":0,"comment_status":"open","ping_status":"open","sticky":false,"template":"","format":"standard","meta":{"_monsterinsights_skip_tracking":false,"_monsterinsights_sitenote_active":false,"_monsterinsights_sitenote_note":"","_monsterinsights_sitenote_category":0,"footnotes":""},"categories":[637],"tags":[638,43690,43674,1121,372],"class_list":["post-109547","post","type-post","status-publish","format-standard","hentry","category-jose-antonio-lopez-sosa","tag-detras-del-poder","tag-jose-antonio-lopez-sosa","tag-opinion","tag-sindicato-mexicano-de-electricistas","tag-sme"],"_links":{"self":[{"href":"https:\/\/www.diarioimagen.net\/index.php?rest_route=\/wp\/v2\/posts\/109547","targetHints":{"allow":["GET"]}}],"collection":[{"href":"https:\/\/www.diarioimagen.net\/index.php?rest_route=\/wp\/v2\/posts"}],"about":[{"href":"https:\/\/www.diarioimagen.net\/index.php?rest_route=\/wp\/v2\/types\/post"}],"author":[{"embeddable":true,"href":"https:\/\/www.diarioimagen.net\/index.php?rest_route=\/wp\/v2\/users\/3"}],"replies":[{"embeddable":true,"href":"https:\/\/www.diarioimagen.net\/index.php?rest_route=%2Fwp%2Fv2%2Fcomments&post=109547"}],"version-history":[{"count":0,"href":"https:\/\/www.diarioimagen.net\/index.php?rest_route=\/wp\/v2\/posts\/109547\/revisions"}],"wp:attachment":[{"href":"https:\/\/www.diarioimagen.net\/index.php?rest_route=%2Fwp%2Fv2%2Fmedia&parent=109547"}],"wp:term":[{"taxonomy":"category","embeddable":true,"href":"https:\/\/www.diarioimagen.net\/index.php?rest_route=%2Fwp%2Fv2%2Fcategories&post=109547"},{"taxonomy":"post_tag","embeddable":true,"href":"https:\/\/www.diarioimagen.net\/index.php?rest_route=%2Fwp%2Fv2%2Ftags&post=109547"}],"curies":[{"name":"wp","href":"https:\/\/api.w.org\/{rel}","templated":true}]}}