{"id":109553,"date":"2012-11-01T00:02:48","date_gmt":"2012-11-01T06:02:48","guid":{"rendered":"http:\/\/www.diarioimagen.net\/?p=109553"},"modified":"2012-11-02T01:42:04","modified_gmt":"2012-11-02T07:42:04","slug":"las-mansiones","status":"publish","type":"post","link":"https:\/\/www.diarioimagen.net\/?p=109553","title":{"rendered":"Las mansiones"},"content":{"rendered":"<h2>Punto por punto<\/h2>\n<h5>Augusto Corro<\/h5>\n<p><span><br \/>\nEn los \u00faltimos d\u00edas aparecieron, en la Internet, las fotograf\u00edas de las mansiones de dos pol\u00edticos veracruzanos: la primera mostraba la residencia de la familia Yunes: un inmueble fastuoso, valuado en 35 millones de pesos. La segunda una casa en Estados Unidos, propiedad del gobernador de Veracruz, Javier Duarte.<\/span><\/p>\n<p>Seg\u00fan se inform\u00f3, la mansi\u00f3n de Veracruz, ubicada a orillas de \u201cEl Estero\u201d, en el Municipio de Alvarado, es propiedad del ex alcalde de Boca del R\u00edo, Miguel Angel Yunez M\u00e1rquez. Lo que adorna el caser\u00f3n, rodeado de palmeras, son dos albercas, una palapa, sala de cine, etc.<\/p>\n<p>La residencia del flamante mandatario veracruzano, con un valor superior a un mill\u00f3n de d\u00f3lares, se localiza en una zona residencial exclusiva en la regi\u00f3n de Phoenix, en\u00a0 el Condado de Maricopa. La casa est\u00e1 cerca del campo de golf, obviamente.<\/p>\n<p>Bueno, ya tomamos nota (llenos de envidia, \u00bfpor qu\u00e9 no?) de las costosas propiedades de pol\u00edticos que se empe\u00f1an en incrementar y consolidar su patrimonio familiar. Solo que ser\u00eda muy interesante saber de d\u00f3nde sali\u00f3 el dinero para la compra de los inmuebles, ya que ambos se han desempe\u00f1ado como funcionarios p\u00fablicos.<\/p>\n<p>En este rengl\u00f3n volvemos a lo mismo, al tema de la rendici\u00f3n de cuentas de quienes cumplen funciones p\u00fablicas sin informar a nadie del manejo del erario. Act\u00faan como si se tratara de empresas personales. Endeudan a los gobiernos y una vez cumplido su compromiso se marchan a la vida privada a disfrutar sus riquezas.<\/p>\n<p>Quisiera escuchar de alg\u00fan gobernador, que en los \u00faltimos sexenios haya dejado el cargo en medio de aplausos por su honestidad y su desempe\u00f1o cabal como mandatarios. Estos, despu\u00e9s de seis a\u00f1os de gobierno, dejan los puestos acusados de irregularidades en el manejo de las finanzas que se eleva a miles de millones de pesos.<\/p>\n<p>Para no ir tan lejos, basta con citar a los gobernadores de Oaxaca y Puebla, Ulises Ruiz Ortiz y Mario Mar\u00edn, respectivamente. Ambos acusados de malversaci\u00f3n del erario. A ninguno se le exigi\u00f3 cuentas. Los dos esperan tranquilos el momento oportuno para regresar a continuar en la orde\u00f1a del presupuesto. Ninguna autoridad os\u00f3 investigarlos.<\/p>\n<p>Lo mismo ocurri\u00f3 con Amalia Garc\u00eda, en Zacatecas; y Leonel Godoy, en Michoac\u00e1n. Los dos dejaron vac\u00edas las arcas del estado. Tampoco fueron llamados a cuentas. Los michoacanos a\u00fan viven los problemas derivados de la escasez de dinero y el gobernador Fausto Vallejo teme exigirle cuentas a su antecesor. Prefiere enfrentar a los rijosos que perturban el orden, herencia del inefable Godoy.<\/p>\n<p>En el presente, ya se prendieron los focos rojos en Chiapas. La deuda p\u00fablica que heredar\u00e1 el gobierno de Juan Sabines\u00a0 a la nueva administraci\u00f3n de Manuel Velasco, llegar\u00e1 a los 40 mil millones de pesos.<\/p>\n<p>Est\u00e1 m\u00e1s que claro que los funcionarios p\u00fablicos de cualquier nivel, se despachan con la cuchara grande cuando se trata de los recursos del erario.<\/p>\n<p>Como nadie rinde cuentas, todos en santa paz terminan sus gestiones gubernamentales y se dedican a disfrutar sus riquezas acumuladas sin mayor problema.<\/p>\n<p>Las mansiones de los Yunes o de los Duarte no hablan bien de la honestidad de los funcionarios p\u00fablicos. \u00bfO s\u00ed?<\/p>\n<p align=\"center\">\u00a0<strong>LA POLITICA HERMANA<\/strong><\/p>\n<p>Los tiempos de la pol\u00edtica son muy interesantes. A veces impresiona la conducta humana de los actores dedicados a la grilla. Gente que se odiaba a muerte, ahora aparece en actos p\u00fablicos con elogios desmedidos a sus adversarios pol\u00edticos.<\/p>\n<p>Quiz\u00e1 la pr\u00f3xima ausencia del poder provoca en los funcionarios p\u00fablicos de diferente ideolog\u00eda (\u00bfideolog\u00eda?) una especie de reflexi\u00f3n y perd\u00f3n. Todos hermanados en los actos de despedida se desean el mejor de los futuros.<\/p>\n<p>En la inauguraci\u00f3n de la L\u00ednea (12) Dorada del Metro se dieron cita los representantes de diferentes corrientes pol\u00edticas. Entre estos, el a\u00fan presidente de la Republica, Felipe Calder\u00f3n Hinojosa, por un lado; y por el otro, Marcelo Ebrard Casaubon, jefe del gobierno capitalino.<\/p>\n<p>En otra \u00e9poca enemigos irreconciliables, antier lucieron como dos personas con diez en educaci\u00f3n. Ambos cumplieron con el protocolo exigido para el caso y adem\u00e1s se lanzaron flores con fuerte aroma a demagogia.<\/p>\n<p>En ceremonia inaugural, efectuada en la Estaci\u00f3n Parque de Los Venados, estuvieron los personajes m\u00e1s dis\u00edmbolos que se pudiera usted imaginar, entre otros los siguientes: Cuauht\u00e9moc C\u00e1rdenas, el ajonjol\u00ed de todos los moles; el jefe de la polic\u00eda capitalina, Manuel Mondrag\u00f3n y Kalb, quien, milagrosamente, alcanz\u00f3 a colarse. Tambi\u00e9n asisti\u00f3 el pr\u00f3ximo jefe de Gobierno del Distrito Federal, Miguel Angel Mancera.<\/p>\n<p>Se trat\u00f3 pues, de un acto p\u00fablico, en el que funcionarios de origen panista y perredista fumaron definitivamente la pipa de la paz. Atr\u00e1s quedaron los calificativos de espurio a Calder\u00f3n. Esta vez, Ebrard le agradeci\u00f3 al michoacano su apoyo para la terminaci\u00f3n de la L\u00ednea Dorada del Metro.<\/p>\n<p>Ebrard super\u00f3 el qu\u00e9 dir\u00e1n de las lenguas viperinas y ya no se ruboriz\u00f3 al estrechar la mano de Calder\u00f3n. Cosas de la pol\u00edtica.<\/p>\n<p><em><a href=\"mailto:aco2742@hotmail.com\" target=\"_blank\">aco2742@hotmail.com<\/a><\/em><\/p>\n","protected":false},"excerpt":{"rendered":"<p><span style=\"color: #005497;\"><strong>Augusto Corro<\/strong><\/span><\/p>\n","protected":false},"author":3,"featured_media":0,"comment_status":"open","ping_status":"open","sticky":false,"template":"","format":"standard","meta":{"_monsterinsights_skip_tracking":false,"_monsterinsights_sitenote_active":false,"_monsterinsights_sitenote_note":"","_monsterinsights_sitenote_category":0,"footnotes":""},"categories":[157],"tags":[43686,486,43674,11515,52],"class_list":["post-109553","post","type-post","status-publish","format-standard","hentry","category-augusto-corro","tag-augusto-corro","tag-javier-duarte-de-ochoa","tag-opinion","tag-punto-por-punto","tag-veracruz"],"_links":{"self":[{"href":"https:\/\/www.diarioimagen.net\/index.php?rest_route=\/wp\/v2\/posts\/109553","targetHints":{"allow":["GET"]}}],"collection":[{"href":"https:\/\/www.diarioimagen.net\/index.php?rest_route=\/wp\/v2\/posts"}],"about":[{"href":"https:\/\/www.diarioimagen.net\/index.php?rest_route=\/wp\/v2\/types\/post"}],"author":[{"embeddable":true,"href":"https:\/\/www.diarioimagen.net\/index.php?rest_route=\/wp\/v2\/users\/3"}],"replies":[{"embeddable":true,"href":"https:\/\/www.diarioimagen.net\/index.php?rest_route=%2Fwp%2Fv2%2Fcomments&post=109553"}],"version-history":[{"count":0,"href":"https:\/\/www.diarioimagen.net\/index.php?rest_route=\/wp\/v2\/posts\/109553\/revisions"}],"wp:attachment":[{"href":"https:\/\/www.diarioimagen.net\/index.php?rest_route=%2Fwp%2Fv2%2Fmedia&parent=109553"}],"wp:term":[{"taxonomy":"category","embeddable":true,"href":"https:\/\/www.diarioimagen.net\/index.php?rest_route=%2Fwp%2Fv2%2Fcategories&post=109553"},{"taxonomy":"post_tag","embeddable":true,"href":"https:\/\/www.diarioimagen.net\/index.php?rest_route=%2Fwp%2Fv2%2Ftags&post=109553"}],"curies":[{"name":"wp","href":"https:\/\/api.w.org\/{rel}","templated":true}]}}