{"id":109617,"date":"2012-11-01T00:01:42","date_gmt":"2012-11-01T06:01:42","guid":{"rendered":"http:\/\/www.diarioimagen.net\/?p=109617"},"modified":"2012-11-01T05:39:16","modified_gmt":"2012-11-01T11:39:16","slug":"marcos-raposo-lopes-embajador-de-brasil-inauguro-las-noches-palacio-brasil","status":"publish","type":"post","link":"https:\/\/www.diarioimagen.net\/?p=109617","title":{"rendered":"Marcos Raposo Lopes, embajador de Brasil, inaugur\u00f3 \u201cLas Noches Palacio Brasil\u201d"},"content":{"rendered":"<h2>De cinco estrellas<\/h2>\n<h5>Victoria Gonz\u00e1lez Prado<\/h5>\n<p>&nbsp;<\/p>\n<ul>\n<li><em><strong>Hotel de Puebla cambia de marca y estar\u00e1 listo en marzo de 2013<\/strong><\/em><\/li>\n<li><em><strong>Del 30 de enero al 3 de febrero 2013, la Fitur tendr\u00e1 importantes novedades\u00a0<\/strong><\/em><\/li>\n<li><em><strong>Rutas Tem\u00e1ticas para vivir las tradiciones del D\u00eda de Muertos en Ecuador<\/strong><\/em><\/li>\n<li><em><strong>Aerol\u00ednea mexicana recibi\u00f3 reconocimiento GEI-1<\/strong><\/em><\/li>\n<\/ul>\n<div id=\"attachment_109681\" style=\"width: 250px\" class=\"wp-caption alignleft\"><a class=\"highslide\" onclick=\"return vz.expand(this)\" href=\"http:\/\/www.diarioimagen.net\/wp-content\/uploads\/2012\/11\/turismo-1971.jpg\"><img loading=\"lazy\" decoding=\"async\" aria-describedby=\"caption-attachment-109681\" class=\"size-medium wp-image-109681\" title=\"turismo-1971\" src=\"http:\/\/www.diarioimagen.net\/wp-content\/uploads\/2012\/11\/turismo-1971-240x126.jpg\" alt=\"\" width=\"240\" height=\"126\" \/><\/a><p id=\"caption-attachment-109681\" class=\"wp-caption-text\">Ernesto Izquierdo, Marcos Raposo Lopes y Lisandro Delfino.<\/p><\/div>\n<p>\u2730\u2730\u2730\u2730\u2730\u00a0<strong>Marcos Raposo Lopes<\/strong>, embajador de Brasil en M\u00e9xico, inaugur\u00f3 \u201cLas Noches Palacio Brasil\u201d, acompa\u00f1ado por <strong>Lisandro Delfino<\/strong>, vicepresidente de establecimientos de <em>American Express<\/em> M\u00e9xico y <strong>Ernesto Izquierdo<\/strong>, director Comercial de El Palacio de Hierro. Durante el evento los asistentes conocieron, de manera exclusiva, diversos art\u00edculos y productos brasile\u00f1os adem\u00e1s de disfrutar de espect\u00e1culos como: samba, batucada, <em>capoeira<\/em>, futbol y bossanova. <strong>Raposo Lopes<\/strong> invit\u00f3 a los concurrentes a disfrutar un poco de lo mucho que ofrece Brasil a los mexicanos, a gozar de su m\u00fasica, tradiciones y gastronom\u00eda. <strong>Lisandro Delfino<\/strong> se\u00f1al\u00f3 que para<strong> <\/strong>los tarjetahabientes de <em>American Express, <\/em>es importante brindarles acceso a exclusivos eventos que les permiten vivir experiencias \u00fanicas, como la magia que ofrece Brasil y las promociones exclusivas como 24 meses sin intereses pagando con la tarjeta de cr\u00e9dito. <strong>Ernesto Izquierdo<\/strong> asegur\u00f3 que \u201cLas noches Palacio\u201d se han convertido en una tradici\u00f3n y hoy son esperadas por los clientes de la departamental y record\u00f3 que el 9 de diciembre ser\u00e1 el \u00faltimo d\u00eda para hacer compras con la tarjeta y tener la opci\u00f3n de elegir pagar de dos a 24 meses sin intereses, m\u00e1s 15% de descuento en cupones, 100 monedas por cada mil pesos de compra y elegir un regalo dependiendo del monto de la compra. En \u201cLas Noches Palacio Brasil\u201d participan todas las tiendas, consulta las fechas: <em><a href=\"http:\/\/www.americanexpress.com.mx\/nochespalacio\" target=\"_blank\">www.americanexpress.com.mx\/nochespalacio<\/a><\/em><\/p>\n<p>\u2730\u2730\u2730\u2730\u2730\u00a0Ser\u00e1 en marzo del 2013 cuando el hotel Camino Real Puebla Centro, pase a formar parte de la marca Quinta Real, as\u00ed lo anunciaron <strong>Olegario V\u00e1zquez Aldir<\/strong>, director general de Grupo Empresarial \u00c1ngeles (GEA) y, <strong>Eduardo Ymay<\/strong>, director general de Grupo Real Turismo. Cabe destacar que el grupo contempl\u00f3 desde la adquisici\u00f3n de Hoteles Quinta Real, la migraci\u00f3n de los hoteles en Puebla y Oaxaca a la marca Quinta Real por sus caracter\u00edsticas arquitect\u00f3nicas e hist\u00f3ricas. En un comunicado, <strong>Eduardo Ymay<\/strong> se\u00f1ala que la conversi\u00f3n de la propiedad le representa una inversi\u00f3n de 50 millones de pesos, incluyendo en ello la redecoraci\u00f3n y equipamiento de cada una de sus 84 habitaciones, un Spa y gimnasio de primer nivel y un moderno centro de negocios, as\u00ed como un nuevo restaurante de reconocida marca internacional, con lo que lo llevar\u00e1 al nivel de Hotel de Gran Clase, adem\u00e1s, por su invaluable valor hist\u00f3rico, se respetar\u00e1 la construcci\u00f3n original del inmueble, y las nuevas adecuaciones se realizar\u00e1n en base a la conservaci\u00f3n de cada muro, piso y materiales que le han dado vida desde el siglo XVI. El hotel estar\u00e1 listo\u00a0 para recibir a los visitantes al Tianguis Tur\u00edstico que tendr\u00e1 lugar del 17 al 20 de marzo en la capital poblana. El proyecto est\u00e1 encabezado por <strong>Roberto El\u00edas<\/strong>, despacho de arquitectos que cre\u00f3 el primer hotel de la Colecci\u00f3n Quinta Real (Guadalajara, 1986) y que al d\u00eda de hoy ha sido el responsable de cada una de las propiedades con las que cuenta la cadena. \u201cEl crecimiento de Grupo Real Turismo<strong> <\/strong>en su segmento de Hoteles de Gran Clase le posiciona como l\u00edder en el mercado en hoteles de lujo, brindando a su vez valor competitivo a la plaza ante otros destinos de ciudad\u201d, agreg\u00f3 <strong>Ymay<\/strong>.<\/p>\n<p>\u2730\u2730\u2730\u2730\u2730\u00a0Con una intensa agenda de encuentros comerciales y especial atenci\u00f3n en mercados de gran potencial como Iberoam\u00e9rica, Asia y \u00c1frica, la Feria Internacional de Turismo, Fitur, en Madrid, Espa\u00f1a, llega nuevamente con espacios de alta convocatoria como Investour \u00c1frica y Am\u00e9ricas, <em>FiturTech,<\/em> <em>FiturGreen<\/em> y Fitur LGBT, y estrena <em>Fitur Know-How&amp;Export<\/em>. Fitur, celebrar\u00e1 as\u00ed su trig\u00e9simo tercera edici\u00f3n del 30 de enero al 3 de febrero del 2013. Organizada por Ifema, abrir\u00e1 el circuito internacional de las grandes ferias de la industria de viajes y a tres meses de su celebraci\u00f3n cuenta ya con el 92% de participaci\u00f3n confirmada. La actividad en Fitur se complementa con un programa de conferencias, paneles de expertos, jornadas y actividades que contribuir\u00e1n a la competitividad del sector tur\u00edstico. Entre las principales novedades de esta edici\u00f3n llega <em>Fitur Know-How&amp;Export<\/em>, promovido por Fitur, <em>Icex<\/em> y <em>Segittur.<\/em> El nuevo foro permitir\u00e1 a las empresas tur\u00edsticas presentar sus soluciones m\u00e1s innovadoras en el \u00e1mbito de la gesti\u00f3n tur\u00edstica integral. Se mostrar\u00e1n las \u00faltimas innovaciones en sectores, como la comercializaci\u00f3n, sostenibilidad, infraestructuras, financiaci\u00f3n y el <em>e-commerce<\/em>. Nuevamente se celebrar\u00e1 <em>Investour<\/em> \u00c1frica, que busca fomentar las inversiones espa\u00f1olas en proyectos tur\u00edsticos africanos con el fin de promover un modelo tur\u00edstico sostenible como motor de desarrollo. <em>Investour<\/em> Am\u00e9ricas pondr\u00e1 en contacto a los participantes con profesionales del resto del mundo, y el tercer <em>WorkshopHostedBuyers<\/em>, permitir\u00e1 a los expositores promocionar sus productos entre profesionales de otros continentes. Los compradores internacionales invitados por la Fitur se han seleccionado de acuerdo a los intereses comerciales y promocionales de las empresas, destinos e instituciones participantes. Tambi\u00e9n tendr\u00e1n lugar en Ifema <em>FiturGreen<\/em>, que refuerza sus contenidos en materia de ahorro energ\u00e9tico y eficiencia de la gesti\u00f3n hotelera, y <em>FiturTech,<\/em> que bajo el t\u00edtulo NextTravelGeneration mostrar\u00e1 las \u00faltimas novedades en tecnolog\u00eda aplicada al turismo. Fitur\u00a0 contar\u00e1 tambi\u00e9n con espacios expositivos diferenciados como Fitur LGBT y Receptivo Espa\u00f1a, que facilitar\u00e1 a los profesionales localizar en un \u00fanico espacio la oferta y las propuestas m\u00e1s ajustadas a su \u00e1rea de negocio o inter\u00e9s. La \u00faltima edici\u00f3n de Fitur, en enero de 2012, reuni\u00f3 a 210 mil 877 participantes y 9 mil 506 empresas de 167 pa\u00edses o regiones.<\/p>\n<p>\u2730\u2730\u2730\u2730\u2730\u00a0Las Rutas Tem\u00e1ticas en Quito, Ecuador, mostrar\u00e1n a sus habitantes y visitantes las tradiciones del D\u00eda de Muertos as\u00ed, el Museo de la Ciudad, el Museo Fray Pedro Gocial del Convento de San Francisco, el de Arte Colonial, la Casa Museo Mar\u00eda Augusta Urrutia, La Fundaci\u00f3n Iglesia de la Compa\u00f1\u00eda de Jes\u00fas y otros ofrecen diferentes actividades bajo el t\u00edtulo: \u2018Difuntos: El \u00faltimo adi\u00f3s\u2019. Estos recorridos se realizan los d\u00edas 1, 2 y 3 de noviembre a las 10:00 y 14:00 horas. En Calder\u00f3n, en las comunas de la capilla y en San Miguel del Com\u00fan, destacan los ritos y costumbres de los ind\u00edgenas que llevaban comida a los difuntos. Observa como esta tradici\u00f3n se revive cuando los familiares se dirigen a compartir con sus seres queridos la colada morada (se prepara con harina de ma\u00edz negro, naranjilla, babaco, pi\u00f1a, moras, frutillas, y ar\u00e1ndano silvestre del p\u00e1ramo andino) y, con las\u00a0\u00a0 guaguas o wawas de pan, panes grandes de trigo, moldeados y adornados con forma de ni\u00f1o peque\u00f1o o beb\u00e9, a veces rellenas de dulce. Se elaboran y se consumen principalmente el 2 de noviembre. Los eventos se realizar\u00e1n el 2 y 3 de noviembre. El <em>Quito Tour Bus <\/em>tambi\u00e9n cuenta con un recorrido especial denominado el \u201cTour de Finados\u201d, el pr\u00f3ximo viernes 2 de noviembre. Adem\u00e1s por la compra de un boleto recibir\u00e1s de manera gratuita un vaso de colada morada.<strong> <\/strong><\/p>\n<p>\u2730\u2730\u2730\u2730\u2730\u00a0El<strong> <\/strong>reconocimiento GEI-1 al liderazgo y transparencia en la contabilidad y reporte de emisiones de gases de efecto invernadero del 2011, fue otorgado a Aerom\u00e9xico por la Secretar\u00eda de Medio Ambiente y Recursos Naturales (Semarnat), en coordinaci\u00f3n con la Comisi\u00f3n de Estudios del Sector Privado para el Desarrollo Sustentable (Cespedes). El reconocimiento forma parte del Programa GEI M\u00e9xico mediante el cual el sector privado busca apoyar de manera voluntaria los esfuerzos del pa\u00eds para reducir las emisiones de gases de efecto invernadero y brindar a las empresas interesadas el soporte, capacitaci\u00f3n y asistencia para que, una vez realizados sus inventarios de GEI, identifiquen oportunidades para optimizar sus consumos energ\u00e9ticos, adem\u00e1s de contribuir a la reducci\u00f3n de emisiones. En la ceremonia estuvieron <strong>Fernando Tudela Abad<\/strong>, subsecretario de Planeaci\u00f3n y Pol\u00edtica Ambiental, S<strong>andra Herrera Flores<\/strong>, subsecretaria de Fomento y Normatividad Industrial, ambos de la Semarnat e <strong>Irma G\u00f3mez Cavazos<\/strong>, directora ejecutiva de Cespedes.<\/p>\n<p><em><a href=\"mailto:victoriagprado@gmail.com\" target=\"_blank\">victoriagprado@gmail.com<\/a><\/em><\/p>\n<p>&nbsp;<\/p>\n","protected":false},"excerpt":{"rendered":"<p><strong>Marcos Raposo Lopes<\/strong>, embajador de Brasil en M\u00e9xico, inaugur\u00f3 \u201cLas Noches Palacio Brasil\u201d, acompa\u00f1ado por <strong>Lisandro Delfino<\/strong>, vicepresidente de establecimientos de <em>American Express<\/em> M\u00e9xico y <strong>Ernesto Izquierdo<\/strong>, director Comercial de El Palacio de Hierro. Durante el evento los asistentes conocieron, de manera exclusiva, diversos art\u00edculos y productos brasile\u00f1os adem\u00e1s de disfrutar de espect\u00e1culos como: samba, batucada, <em>capoeira<\/em>, futbol y bossanova. <strong>Raposo Lopes<\/strong> invit\u00f3 a los concurrentes a disfrutar un poco de lo mucho que ofrece Brasil a los mexicanos, a gozar de su m\u00fasica, tradiciones y gastronom\u00eda. <\/p>\n","protected":false},"author":3,"featured_media":0,"comment_status":"open","ping_status":"open","sticky":false,"template":"","format":"standard","meta":{"_monsterinsights_skip_tracking":false,"_monsterinsights_sitenote_active":false,"_monsterinsights_sitenote_note":"","_monsterinsights_sitenote_category":0,"footnotes":""},"categories":[11],"tags":[4728,44],"class_list":["post-109617","post","type-post","status-publish","format-standard","hentry","category-turismo","tag-brasil","tag-mexico"],"_links":{"self":[{"href":"https:\/\/www.diarioimagen.net\/index.php?rest_route=\/wp\/v2\/posts\/109617","targetHints":{"allow":["GET"]}}],"collection":[{"href":"https:\/\/www.diarioimagen.net\/index.php?rest_route=\/wp\/v2\/posts"}],"about":[{"href":"https:\/\/www.diarioimagen.net\/index.php?rest_route=\/wp\/v2\/types\/post"}],"author":[{"embeddable":true,"href":"https:\/\/www.diarioimagen.net\/index.php?rest_route=\/wp\/v2\/users\/3"}],"replies":[{"embeddable":true,"href":"https:\/\/www.diarioimagen.net\/index.php?rest_route=%2Fwp%2Fv2%2Fcomments&post=109617"}],"version-history":[{"count":0,"href":"https:\/\/www.diarioimagen.net\/index.php?rest_route=\/wp\/v2\/posts\/109617\/revisions"}],"wp:attachment":[{"href":"https:\/\/www.diarioimagen.net\/index.php?rest_route=%2Fwp%2Fv2%2Fmedia&parent=109617"}],"wp:term":[{"taxonomy":"category","embeddable":true,"href":"https:\/\/www.diarioimagen.net\/index.php?rest_route=%2Fwp%2Fv2%2Fcategories&post=109617"},{"taxonomy":"post_tag","embeddable":true,"href":"https:\/\/www.diarioimagen.net\/index.php?rest_route=%2Fwp%2Fv2%2Ftags&post=109617"}],"curies":[{"name":"wp","href":"https:\/\/api.w.org\/{rel}","templated":true}]}}