{"id":109745,"date":"2012-11-02T00:04:22","date_gmt":"2012-11-02T06:04:22","guid":{"rendered":"http:\/\/www.diarioimagen.net\/?p=109745"},"modified":"2012-11-05T03:51:21","modified_gmt":"2012-11-05T09:51:21","slug":"detienen-a-23-policias-de-chalco-y-valle-de-chalco","status":"publish","type":"post","link":"https:\/\/www.diarioimagen.net\/?p=109745","title":{"rendered":"Detienen a 23 polic\u00edas de Chalco y Valle de Chalco"},"content":{"rendered":"<ul>\n<li><strong><em>Presuntamente est\u00e1n ligados al narco<\/em><\/strong><\/li>\n<\/ul>\n<div id=\"attachment_109760\" style=\"width: 250px\" class=\"wp-caption alignleft\"><a class=\"highslide\" onclick=\"return vz.expand(this)\" href=\"http:\/\/www.diarioimagen.net\/wp-content\/uploads\/2012\/11\/POLICIAS-1972.jpg\"><img loading=\"lazy\" decoding=\"async\" aria-describedby=\"caption-attachment-109760\" class=\"size-medium wp-image-109760\" title=\"POLICIAS-1972\" src=\"http:\/\/www.diarioimagen.net\/wp-content\/uploads\/2012\/11\/POLICIAS-1972-240x135.jpg\" alt=\"\" width=\"240\" height=\"135\" \/><\/a><p id=\"caption-attachment-109760\" class=\"wp-caption-text\">La Secretar\u00eda de Seguridad Ciudadana detuvo y consignar\u00e1 a 23 polic\u00edas de Chalco y Valle de Chalco, vinculados con criminales.<\/p><\/div>\n<p>El secretario de Seguridad Ciudadana (SSC), Salvador Neme, inform\u00f3 que hasta el momento han detenido a 23 polic\u00edas de Chalco y Valle de Chalco por sus presuntos v\u00ednculos con el crimen organizado y otros delitos, como robos y plagios.<\/p>\n<p>\u201cEn Chalco y V. Chalco @SSCEdomex aplica desde esta ma\u00f1ana la Operaci\u00f3n Limpia de corporaciones Policiales #OLIMPO, van 23 detenciones\u201d, escribi\u00f3 el funcionario en Twitter.<\/p>\n<p>De los 23 detenidos durante el operativo, en el que participaron mil 400 agentes estatales, 14 pertenecen a Chalco y 9 a Valle de Chalco, inform\u00f3 la dependencia a trav\u00e9s de un comunicado.<\/p>\n<p>Hasta el momento, las autoridades mexiquenses no han dado a conocer el nombre ni el cargo de los agentes que han sido aprehendidos.<\/p>\n<p>\u201cLa SSC contin\u00faa en el desarrollo del operativo y se reserva dar a conocer el nombre de las personas detenidas hasta que sean presentados ante la autoridad ministerial que los requiere\u201d, indic\u00f3 la dependencia en el documento.<\/p>\n<p>\u201cLas detenciones se han realizado en calma y sin incidente alguno\u201d.<\/p>\n<p>Fuentes policiacas se\u00f1alaron que entre los presuntos detenidos de Valle de Chalco se encuentra Tom\u00e1s Lagunes, director de la dependencia.<\/p>\n<p>Ayer en la madrugada una centena de elementos policiacos de la SSC se presentaron en la oficina de la Direcci\u00f3n de Seguridad P\u00fablica de Chalco para notificar a los polic\u00edas sobre la indagatoria.<\/p>\n<p>En el patio del palacio municipal fueron inspeccionados alrededor de 60 polic\u00edas, y fueron comparados con fotos que tra\u00edan agentes ministeriales. En dicha revisi\u00f3n utilizaron credenciales, fotograf\u00edas y fichas de los uniformados que estaban de turno, incluyendo a agentes de Tr\u00e1nsito.<\/p>\n<p>La inspecci\u00f3n finaliz\u00f3 cerca de las 9:15 horas y quienes no fueron asegurados regresaron a sus actividades.<\/p>\n<p>Fuentes de la PGJEM mencionaron que, desde el a\u00f1o pasado, personal de la Subprocuradur\u00eda Especializada en Investigaci\u00f3n de Delincuencia Organizada (SEIDO) hab\u00eda entrevistado a agentes de Seguridad P\u00fablica de Chalco, debido a una indagatoria.<\/p>\n<p>Alrededor de las 12:00 horas, polic\u00edas de Valle de Chalco salieron de la comandancia acompa\u00f1ados por agentes estatales para realizar una revisi\u00f3n a sus veh\u00edculos particulares.<\/p>\n","protected":false},"excerpt":{"rendered":"<p>El secretario de Seguridad Ciudadana (SSC), Salvador Neme, inform\u00f3 que hasta el momento han detenido a 23 polic\u00edas de Chalco y Valle de Chalco por sus presuntos v\u00ednculos con el crimen organizado y otros delitos, como robos y plagios. \u201cEn Chalco y V. Chalco @SSCEdomex aplica desde esta ma\u00f1ana la Operaci\u00f3n Limpia de corporaciones Policiales #OLIMPO, van 23 detenciones\u201d, escribi\u00f3 el funcionario en Twitter.<\/p>\n","protected":false},"author":3,"featured_media":0,"comment_status":"open","ping_status":"open","sticky":false,"template":"","format":"standard","meta":{"_monsterinsights_skip_tracking":false,"_monsterinsights_sitenote_active":false,"_monsterinsights_sitenote_note":"","_monsterinsights_sitenote_category":0,"footnotes":""},"categories":[17,7],"tags":[541,21337],"class_list":["post-109745","post","type-post","status-publish","format-standard","hentry","category-especiales","category-seguridad","tag-chalco","tag-ssc"],"_links":{"self":[{"href":"https:\/\/www.diarioimagen.net\/index.php?rest_route=\/wp\/v2\/posts\/109745","targetHints":{"allow":["GET"]}}],"collection":[{"href":"https:\/\/www.diarioimagen.net\/index.php?rest_route=\/wp\/v2\/posts"}],"about":[{"href":"https:\/\/www.diarioimagen.net\/index.php?rest_route=\/wp\/v2\/types\/post"}],"author":[{"embeddable":true,"href":"https:\/\/www.diarioimagen.net\/index.php?rest_route=\/wp\/v2\/users\/3"}],"replies":[{"embeddable":true,"href":"https:\/\/www.diarioimagen.net\/index.php?rest_route=%2Fwp%2Fv2%2Fcomments&post=109745"}],"version-history":[{"count":0,"href":"https:\/\/www.diarioimagen.net\/index.php?rest_route=\/wp\/v2\/posts\/109745\/revisions"}],"wp:attachment":[{"href":"https:\/\/www.diarioimagen.net\/index.php?rest_route=%2Fwp%2Fv2%2Fmedia&parent=109745"}],"wp:term":[{"taxonomy":"category","embeddable":true,"href":"https:\/\/www.diarioimagen.net\/index.php?rest_route=%2Fwp%2Fv2%2Fcategories&post=109745"},{"taxonomy":"post_tag","embeddable":true,"href":"https:\/\/www.diarioimagen.net\/index.php?rest_route=%2Fwp%2Fv2%2Ftags&post=109745"}],"curies":[{"name":"wp","href":"https:\/\/api.w.org\/{rel}","templated":true}]}}