{"id":109814,"date":"2012-11-02T00:09:21","date_gmt":"2012-11-02T06:09:21","guid":{"rendered":"http:\/\/www.diarioimagen.net\/?p=109814"},"modified":"2012-11-02T05:14:37","modified_gmt":"2012-11-02T11:14:37","slug":"sin-vacuna-basica-17-de-recien-nacidos-en-el-mundo","status":"publish","type":"post","link":"https:\/\/www.diarioimagen.net\/?p=109814","title":{"rendered":"Sin vacuna b\u00e1sica, 17% de reci\u00e9n nacidos en el mundo"},"content":{"rendered":"<ul>\n<li><em><strong>Seg\u00fan datos de 2011, alrededor de 22 millones de beb\u00e9s no fueron inmunizados con las tres dosis recomendadas contra difteria, t\u00e9tanos y tos ferina\u00a0<\/strong><\/em><\/li>\n<\/ul>\n<p>&nbsp;<\/p>\n<div id=\"attachment_109816\" style=\"width: 250px\" class=\"wp-caption alignleft\"><a class=\"highslide\" onclick=\"return vz.expand(this)\" href=\"http:\/\/www.diarioimagen.net\/wp-content\/uploads\/2012\/11\/vacunas-1972.jpg\"><img loading=\"lazy\" decoding=\"async\" aria-describedby=\"caption-attachment-109816\" class=\"size-medium wp-image-109816\" title=\"vacunas-1972\" src=\"http:\/\/www.diarioimagen.net\/wp-content\/uploads\/2012\/11\/vacunas-1972-240x180.jpg\" alt=\"\" width=\"240\" height=\"180\" \/><\/a><p id=\"caption-attachment-109816\" class=\"wp-caption-text\">La Organizaci\u00f3n Mundial de la Salud destac\u00f3 la importancia de vacunar a los ni\u00f1os en su primer a\u00f1o.<\/p><\/div>\n<p>Ginebra, Suiza.- Un 17% de los aproximadamente 130 millones de ni\u00f1os que nacen anualmente en el mundo no reciben la vacunaci\u00f3n b\u00e1sica en el primer a\u00f1o de vida, seg\u00fan afirm\u00f3 ayer la Organizaci\u00f3n Mundial de la Salud (OMS) en un informe.<\/p>\n<p>Seg\u00fan datos de 2011, alrededor de 22 millones de reci\u00e9n nacidos no fueron inmunizados con las tres dosis recomendadas de la vacuna contra la difteria, el t\u00e9tanos y la tos ferina (DTP).<\/p>\n<p>La OMS estima que la vacunaci\u00f3n de los lactantes con DTP antes de que cumplan los doce meses es uno de los indicadores m\u00e1s importantes de la cobertura de los programas de vacunaci\u00f3n, por lo que a\u00fan queda mucho por hacer pese a los avances de las \u00faltimas d\u00e9cadas.<\/p>\n<p>Hace cuarenta a\u00f1os, cuando los ni\u00f1os vacunados contra estas tres enfermedades mortales representaban menos del 5 % de la poblaci\u00f3n infantil mundial, la OMS estableci\u00f3 el denominado Programa Ampliado de Inmunizaci\u00f3n, con el que se han logrado avances considerables.<\/p>\n<p>No obstante, la cifra de ni\u00f1os sin vacunar es a\u00fan excesivamente alta, por lo que la Asamblea de ministros de Salud de la OMS aprob\u00f3 este a\u00f1o un nuevo plan de acci\u00f3n mundial que pretende ser una hoja de ruta para evitar millones de muertes hasta el a\u00f1o 2020.<\/p>\n<p>El plan, que persigue un acceso m\u00e1s equitativo de todas las comunidades a las vacunas existentes, tiene cuatro objetivos: fortalecer la inmunizaci\u00f3n sistem\u00e1tica, acelerar el control de las enfermedades prevenibles mediante la vacunaci\u00f3n, introducir nuevas vacunas y mejorar las existentes, y estimular la investigaci\u00f3n y el desarrollo de la pr\u00f3xima generaci\u00f3n de vacunas y tecnolog\u00edas.<\/p>\n<p>\u201cUn programa de inmunizaci\u00f3n accesible y que funcione bien debe ser un componente fundamental de los servicios de salud p\u00fablica de cualquier pa\u00eds\u201d, afirm\u00f3 el doctor Jean-Marie Okwo-Bele, director del Departamento de Inmunizaci\u00f3n, Vacunas y Productos Biol\u00f3gicos de la OMS.<\/p>\n<p>\u201cApoyando a los pa\u00edses para que refuercen sus sistemas de salud mediante la puesta en pr\u00e1ctica del nuevo plan de acci\u00f3n mundial sobre vacunas, podremos aumentar el acceso mundial a las vacunas y lograr un impacto en las vidas de millones de personas\u201d, dijo.<\/p>\n<p>La OMS calcula que la vacunaci\u00f3n contra la difteria, el t\u00e9tanos, la tos ferina, el sarampi\u00f3n, la poliomielitis y otras enfermedades prevenibles salva entre dos y tres millones de vidas al a\u00f1o.<\/p>\n<p>Por ello, el fortalecimiento de los servicios de inmunizaci\u00f3n sistem\u00e1tica es fundamental para alcanzar el cuarto Objetivo de Desarrollo del Milenio de la ONU, consistente en reducir en dos terceras partes la mortalidad de los menores de cinco a\u00f1os para 2015, en comparaci\u00f3n con las cifras de 1990.<\/p>\n","protected":false},"excerpt":{"rendered":"<p>Un 17% de los aproximadamente 130 millones de ni\u00f1os que nacen anualmente en el mundo no reciben la vacunaci\u00f3n b\u00e1sica en el primer a\u00f1o de vida, seg\u00fan afirm\u00f3 ayer la Organizaci\u00f3n Mundial de la Salud (OMS) en un informe.<\/p>\n","protected":false},"author":1,"featured_media":0,"comment_status":"open","ping_status":"open","sticky":false,"template":"","format":"standard","meta":{"_monsterinsights_skip_tracking":false,"_monsterinsights_sitenote_active":false,"_monsterinsights_sitenote_note":"","_monsterinsights_sitenote_category":0,"footnotes":""},"categories":[877],"tags":[43679,43692,428],"class_list":["post-109814","post","type-post","status-publish","format-standard","hentry","category-salud","tag-mundo","tag-salud","tag-vacunas"],"_links":{"self":[{"href":"https:\/\/www.diarioimagen.net\/index.php?rest_route=\/wp\/v2\/posts\/109814","targetHints":{"allow":["GET"]}}],"collection":[{"href":"https:\/\/www.diarioimagen.net\/index.php?rest_route=\/wp\/v2\/posts"}],"about":[{"href":"https:\/\/www.diarioimagen.net\/index.php?rest_route=\/wp\/v2\/types\/post"}],"author":[{"embeddable":true,"href":"https:\/\/www.diarioimagen.net\/index.php?rest_route=\/wp\/v2\/users\/1"}],"replies":[{"embeddable":true,"href":"https:\/\/www.diarioimagen.net\/index.php?rest_route=%2Fwp%2Fv2%2Fcomments&post=109814"}],"version-history":[{"count":0,"href":"https:\/\/www.diarioimagen.net\/index.php?rest_route=\/wp\/v2\/posts\/109814\/revisions"}],"wp:attachment":[{"href":"https:\/\/www.diarioimagen.net\/index.php?rest_route=%2Fwp%2Fv2%2Fmedia&parent=109814"}],"wp:term":[{"taxonomy":"category","embeddable":true,"href":"https:\/\/www.diarioimagen.net\/index.php?rest_route=%2Fwp%2Fv2%2Fcategories&post=109814"},{"taxonomy":"post_tag","embeddable":true,"href":"https:\/\/www.diarioimagen.net\/index.php?rest_route=%2Fwp%2Fv2%2Ftags&post=109814"}],"curies":[{"name":"wp","href":"https:\/\/api.w.org\/{rel}","templated":true}]}}