{"id":109839,"date":"2012-11-03T00:05:00","date_gmt":"2012-11-03T06:05:00","guid":{"rendered":"http:\/\/www.diarioimagen.net\/?p=109839"},"modified":"2012-11-05T03:52:08","modified_gmt":"2012-11-05T09:52:08","slug":"descarta-pena-nieto-compadrazgos-en-su-gabinete","status":"publish","type":"post","link":"https:\/\/www.diarioimagen.net\/?p=109839","title":{"rendered":"Descarta Pe\u00f1a Nieto <em>compadrazgos<\/em> en su gabinete"},"content":{"rendered":"<div id=\"attachment_109843\" style=\"width: 250px\" class=\"wp-caption alignleft\"><a class=\"highslide\" onclick=\"return vz.expand(this)\" href=\"http:\/\/www.diarioimagen.net\/wp-content\/uploads\/2012\/11\/epn-03.jpg\"><img loading=\"lazy\" decoding=\"async\" aria-describedby=\"caption-attachment-109843\" class=\"size-medium wp-image-109843\" title=\"epn-03\" src=\"http:\/\/www.diarioimagen.net\/wp-content\/uploads\/2012\/11\/epn-03-240x135.jpg\" alt=\"\" width=\"240\" height=\"135\" \/><\/a><p id=\"caption-attachment-109843\" class=\"wp-caption-text\">Enrique Pr\u00f1a Nieto.<\/p><\/div>\n<p>El presidente electo Enrique Pe\u00f1a Nieto rechaz\u00f3 que con compadrazgos y \u00abamiguismo\u00bb se vaya integrar su gabinete, sino que el perfil de sus colaboradores ser\u00e1 \u00abla responsabilidad, rectitud, honradez y eficacia\u201d.<\/p>\n<p>En su sitio en Internet, Pe\u00f1a Nieto adelant\u00f3 que su gabinete estar\u00e1 conformado por hombres y mujeres responsables, honrados, que tengan rectitud y eficiencia.<\/p>\n<p>Lo anterior en respuesta a la ciudadana \u201cMar\u00eda del Sagrario\u201d, de San Luis Potos\u00ed, quien a trav\u00e9s de la p\u00e1gina www.enriquepenanieto.com pidi\u00f3 que durante su administraci\u00f3n \u201cno escoja personas por compadrazgos, por compromisos o por amiguismo\u201d.<\/p>\n<p>En la secci\u00f3n denominada preg\u00fantale al presidente electo, el pol\u00edtico mexiquense respondi\u00f3: \u201cmi gabinete estar\u00e1 compuesto por las mujeres y los hombres que tengan experiencia probada en el \u00e1rea en la que se desempe\u00f1en, y que tengan las caracter\u00edsticas que mencionas: responsabilidad, rectitud, honradez y eficacia\u00bb.<\/p>\n<p>\u00abLo dije en una ocasi\u00f3n y te lo reitero: un presidente s\u00f3lo responde al inter\u00e9s de la Rep\u00fablica; por eso no tiene amigos, sino aliados en esta tarea\u201d, agreg\u00f3.<\/p>\n<p>Entre las preguntas que han hecho ciudadanos a Pe\u00f1a Nieto destacan las referentes a los temas energ\u00e9tico, de seguridad, empleo, pol\u00edtica exterior, apoyo a madres solteras, j\u00f3venes, programas sociales y relaci\u00f3n con los pueblos ind\u00edgenas, entre otros.<\/p>\n<p>El presidente electo manifest\u00f3 que este espacio se cre\u00f3 para establecer un di\u00e1logo abierto y franco que permita construir una presidencia democr\u00e1tica.<\/p>\n<p>A pregunta expresa por \u201c\u00c1ngel M.\u201d, sobre cu\u00e1les son todas las iniciativas de reforma que pretende llevar a cabo durante su sexenio, se\u00f1al\u00f3: \u201cdurante mi administraci\u00f3n impulsar\u00e9 las reformas estructurales que requiere M\u00e9xico para crecer \u2013la reforma hacendaria, energ\u00e9tica y de seguridad social\u00bb.<\/p>\n<p>Adem\u00e1s de las que llam\u00f3 las tres reformas democr\u00e1ticas: crear la Comisi\u00f3n Nacional Anticorrupci\u00f3n, crear una instancia ciudadana y aut\u00f3noma que supervise la contrataci\u00f3n de publicidad gubernamental, y darle m\u00e1s facultades al IFAI. \u00abEsta \u00faltima ya la entregu\u00e9 a senadores de mi partido\u201d.<\/p>\n<p>Cuestionado por \u201cJuan H.\u201d de Hidalgo sobre c\u00f3mo va a cumplir lo que prometi\u00f3 en campa\u00f1a de mejorar el salario, Pe\u00f1a Nieto coment\u00f3: \u201cM\u00e9xico tiene que crecer para generar empleos\u00bb.<\/p>\n<p>Para ello, anot\u00f3, se debe apoyar el desarrollo de las empresas \u2013de todos los tama\u00f1os\u2013 para que puedan generar mayores oportunidades de empleo para los mexicanos.<\/p>\n<p>\u00abTambi\u00e9n vamos a impulsar el crecimiento de la productividad que es a final de cuentas lo que permite elevar los salarios reales sin generar inflaci\u00f3n\u201d, a\u00f1adi\u00f3.<\/p>\n<p>Sobre qu\u00e9 har\u00e1 con el Sistema Penitenciario Federal, Pe\u00f1a Nieto puntualiz\u00f3 que \u201cuna parte crucial de la Estrategia Nacional para Reducir la Violencia es modernizar el sistema penitenciario, para que \u00e9ste permita una verdadera rehabilitaci\u00f3n de los internos que les permita reinsertarse a la sociedad\u201d.<\/p>\n<p>\u201cRoberto S.\u201d de Jalisco cuestion\u00f3 al presidente electo sobre qu\u00e9 es lo que har\u00e1 con las solicitudes de casinos de juego, a lo que el pol\u00edtico mexiquense respondi\u00f3: \u201ctodos los negocios, sin importar su giro, deben cumplir con la ley\u201d.<\/p>\n<p>Desde Zacatecas, \u201c\u00c1lvaro Alexis S.\u201d le solicit\u00f3 que en el rubro de seguridad se debe dar m\u00e1s \u00e9nfasis y apoyo a los programas de prevenci\u00f3n del delito, a lo que Pe\u00f1a Nieto respondi\u00f3: \u201cla prevenci\u00f3n del delito, junto con la participaci\u00f3n ciudadana, son ejes fundamentales de la Estrategia Nacional para Reducir la Violencia\u201d.<\/p>\n<p>Asegur\u00f3 que su gobierno tomar\u00e1 medidas para mejorar las condiciones sociales y econ\u00f3micas de la poblaci\u00f3n con acciones como: escuelas de tiempo completo, un sistema de seguridad social universal que brinde protecci\u00f3n a todos los mexicanos, la rehabilitaci\u00f3n de centros deportivos y recuperaci\u00f3n de espacios p\u00fablicos.<\/p>\n<p>Adem\u00e1s los programas de empleo temporal y de servicio social remunerado.<\/p>\n<p>Por otra parte, sobre el rubro petrolero \u201cRub\u00e9n\u201d, de Tamaulipas, le pregunt\u00f3 al presidente electo sobre qu\u00e9 rumbo va a tomar la industria, a lo que \u00e9ste indic\u00f3: \u201cPemex tiene un gran futuro por delante.<\/p>\n<p>\u201cEstoy decidido a llevar a cabo una reforma energ\u00e9tica que permita poner al d\u00eda esta empresa, haci\u00e9ndola m\u00e1s productiva y rentable, de forma que se convierta en una verdadera palanca del desarrollo nacional\u201d.<\/p>\n<p>En este tenor \u201cFelipe de Jes\u00fas T.\u201d, de Baja California, pregunt\u00f3 cu\u00e1les ser\u00e1n los mecanismos para el aprovechamiento de las fuentes de energ\u00eda renovables, y qu\u00e9 papel tendr\u00e1n estas fuentes en su sexenio; el presidente electo respondi\u00f3: \u201clas energ\u00edas renovables tendr\u00e1n un papel muy importante.<\/p>\n<p>\u00abQueremos un crecimiento econ\u00f3mico verde que no ponga en riesgo el futuro del planeta. S\u00ed est\u00e1 contemplada la participaci\u00f3n de la iniciativa privada en este rubro, con un marco legal claro y transparente que les d\u00e9 certeza jur\u00eddica.<\/p>\n<p>\u201cPara avanzar en este tema, se ha establecido un acuerdo verbal con la Canciller Federal de Alemania en mi reciente visita a ese pa\u00eds\u201d, record\u00f3.<\/p>\n","protected":false},"excerpt":{"rendered":"<p>El presidente electo Enrique Pe\u00f1a Nieto rechaz\u00f3 que con compadrazgos y \u00abamiguismo\u00bb se vaya integrar su gabinete, sino que el perfil de sus colaboradores ser\u00e1 \u00abla responsabilidad, rectitud, honradez y eficacia\u201d.<\/p>\n","protected":false},"author":1,"featured_media":0,"comment_status":"open","ping_status":"open","sticky":false,"template":"","format":"standard","meta":{"_monsterinsights_skip_tracking":false,"_monsterinsights_sitenote_active":false,"_monsterinsights_sitenote_note":"","_monsterinsights_sitenote_category":0,"footnotes":""},"categories":[17],"tags":[18,43673],"class_list":["post-109839","post","type-post","status-publish","format-standard","hentry","category-especiales","tag-enrique-pena-nieto","tag-nacional"],"_links":{"self":[{"href":"https:\/\/www.diarioimagen.net\/index.php?rest_route=\/wp\/v2\/posts\/109839","targetHints":{"allow":["GET"]}}],"collection":[{"href":"https:\/\/www.diarioimagen.net\/index.php?rest_route=\/wp\/v2\/posts"}],"about":[{"href":"https:\/\/www.diarioimagen.net\/index.php?rest_route=\/wp\/v2\/types\/post"}],"author":[{"embeddable":true,"href":"https:\/\/www.diarioimagen.net\/index.php?rest_route=\/wp\/v2\/users\/1"}],"replies":[{"embeddable":true,"href":"https:\/\/www.diarioimagen.net\/index.php?rest_route=%2Fwp%2Fv2%2Fcomments&post=109839"}],"version-history":[{"count":0,"href":"https:\/\/www.diarioimagen.net\/index.php?rest_route=\/wp\/v2\/posts\/109839\/revisions"}],"wp:attachment":[{"href":"https:\/\/www.diarioimagen.net\/index.php?rest_route=%2Fwp%2Fv2%2Fmedia&parent=109839"}],"wp:term":[{"taxonomy":"category","embeddable":true,"href":"https:\/\/www.diarioimagen.net\/index.php?rest_route=%2Fwp%2Fv2%2Fcategories&post=109839"},{"taxonomy":"post_tag","embeddable":true,"href":"https:\/\/www.diarioimagen.net\/index.php?rest_route=%2Fwp%2Fv2%2Ftags&post=109839"}],"curies":[{"name":"wp","href":"https:\/\/api.w.org\/{rel}","templated":true}]}}