{"id":109846,"date":"2012-11-03T00:03:42","date_gmt":"2012-11-03T06:03:42","guid":{"rendered":"http:\/\/www.diarioimagen.net\/?p=109846"},"modified":"2012-11-05T03:51:57","modified_gmt":"2012-11-05T09:51:57","slug":"apoya-el-gobierno-estatal-a-docentes-del-subsistema-federalizado","status":"publish","type":"post","link":"https:\/\/www.diarioimagen.net\/?p=109846","title":{"rendered":"Apoya el gobierno estatal a docentes del subsistema federalizado"},"content":{"rendered":"<ul>\n<li><em>Entrega el titular de SEIEM, Sim\u00f3n Iv\u00e1n Villar Mart\u00ednez, m\u00e1s de 18 millones de pesos a profesores del Valle de M\u00e9xico, por el trabajo que desarrollan en favor de la educaci\u00f3n.<\/em><\/li>\n<\/ul>\n<div id=\"attachment_109847\" style=\"width: 250px\" class=\"wp-caption alignleft\"><a class=\"highslide\" onclick=\"return vz.expand(this)\" href=\"http:\/\/www.diarioimagen.net\/wp-content\/uploads\/2012\/11\/Simon-Ivan-Villar-Martinez-03.jpg\"><img loading=\"lazy\" decoding=\"async\" aria-describedby=\"caption-attachment-109847\" class=\"size-medium wp-image-109847\" title=\"Simon-Ivan-Villar-Martinez-03\" src=\"http:\/\/www.diarioimagen.net\/wp-content\/uploads\/2012\/11\/Simon-Ivan-Villar-Martinez-03-240x135.jpg\" alt=\"\" width=\"240\" height=\"135\" \/><\/a><p id=\"caption-attachment-109847\" class=\"wp-caption-text\">Sim\u00f3n Iv\u00e1n Villar Mart\u00ednez,\u00a0director general de Servicios Educativos Integrados al Estado de M\u00e9xico (SEIEM)<\/p><\/div>\n<p><strong>Tlalnepantla.-<\/strong> El gobierno del Estado de M\u00e9xico entreg\u00f3 recursos por m\u00e1s de 18 millones de pesos por concepto de deterioro de autom\u00f3vil a mil 537 profesores federalizados que realizan funciones de asesor t\u00e9cnico pedag\u00f3gico y de asesor t\u00e9cnico administrativo, en los planteles que se localizan en el Valle de M\u00e9xico.<em><\/em><\/p>\n<p>En las instalaciones del Centro Cultural y Recreativo de la Secci\u00f3n 36 del Sindicato Nacional de Trabajadores de la Educaci\u00f3n (SNTE), el director general de Servicios Educativos Integrados al Estado de M\u00e9xico (SEIEM), Sim\u00f3n Iv\u00e1n\u00a0 Villar Mart\u00ednez, dijo que con ello se pretende estimular a quienes participan decididamente en la pol\u00edtica educativa de la actual administraci\u00f3n.<\/p>\n<p>Ante el secretario general de la secci\u00f3n 36 del SNTE, H\u00e9ctor \u00c1nimas Vargas, y el representante del Comit\u00e9 Ejecutivo Nacional de la organizaci\u00f3n sindical, Juan Espinoza Anguiano, reiter\u00f3 que la educaci\u00f3n es el eje rector de la pol\u00edtica social que encabeza el titular del Ejecutivo mexiquense, quien desde hace un a\u00f1o emprende acciones prioritarias en la materia.<\/p>\n<p>De esta forma, destac\u00f3 el titular de SEIEM, se impulsan diversas gestiones para estimular y atender a todos aquellos grupos escolares que merecen un tratamiento especial, como es el caso de las ni\u00f1as y j\u00f3venes integrantes de las escoltas y bandas de guerra escolares, as\u00ed como de los alumnos con alg\u00fan tipo de discapacidad f\u00edsica o de los directivos de las asociaciones de padres de familia.<\/p>\n<p>En ese tenor, explic\u00f3 que tambi\u00e9n se promueven acciones como la instalaci\u00f3n y equipamiento de desayunadores escolares, la ampliaci\u00f3n en n\u00famero de escuelas de tiempo completo, la dotaci\u00f3n de talleres y laboratorios, as\u00ed como el equipamiento tecnol\u00f3gico y de materiales did\u00e1cticos, en el \u00e1nimo de mejorar la infraestructura f\u00edsica de las escuelas, entre otras.<\/p>\n","protected":false},"excerpt":{"rendered":"<p>El gobierno del Estado de M\u00e9xico entreg\u00f3 recursos por m\u00e1s de 18 millones de pesos por concepto de deterioro de autom\u00f3vil a mil 537 profesores federalizados que realizan funciones de asesor t\u00e9cnico pedag\u00f3gico y de asesor t\u00e9cnico administrativo, en los planteles que se localizan en el Valle de M\u00e9xico.<\/p>\n","protected":false},"author":1,"featured_media":0,"comment_status":"open","ping_status":"open","sticky":false,"template":"","format":"standard","meta":{"_monsterinsights_skip_tracking":false,"_monsterinsights_sitenote_active":false,"_monsterinsights_sitenote_note":"","_monsterinsights_sitenote_category":0,"footnotes":""},"categories":[17],"tags":[43675,9765],"class_list":["post-109846","post","type-post","status-publish","format-standard","hentry","category-especiales","tag-estado-de-mexico","tag-seiem"],"_links":{"self":[{"href":"https:\/\/www.diarioimagen.net\/index.php?rest_route=\/wp\/v2\/posts\/109846","targetHints":{"allow":["GET"]}}],"collection":[{"href":"https:\/\/www.diarioimagen.net\/index.php?rest_route=\/wp\/v2\/posts"}],"about":[{"href":"https:\/\/www.diarioimagen.net\/index.php?rest_route=\/wp\/v2\/types\/post"}],"author":[{"embeddable":true,"href":"https:\/\/www.diarioimagen.net\/index.php?rest_route=\/wp\/v2\/users\/1"}],"replies":[{"embeddable":true,"href":"https:\/\/www.diarioimagen.net\/index.php?rest_route=%2Fwp%2Fv2%2Fcomments&post=109846"}],"version-history":[{"count":0,"href":"https:\/\/www.diarioimagen.net\/index.php?rest_route=\/wp\/v2\/posts\/109846\/revisions"}],"wp:attachment":[{"href":"https:\/\/www.diarioimagen.net\/index.php?rest_route=%2Fwp%2Fv2%2Fmedia&parent=109846"}],"wp:term":[{"taxonomy":"category","embeddable":true,"href":"https:\/\/www.diarioimagen.net\/index.php?rest_route=%2Fwp%2Fv2%2Fcategories&post=109846"},{"taxonomy":"post_tag","embeddable":true,"href":"https:\/\/www.diarioimagen.net\/index.php?rest_route=%2Fwp%2Fv2%2Ftags&post=109846"}],"curies":[{"name":"wp","href":"https:\/\/api.w.org\/{rel}","templated":true}]}}