{"id":109849,"date":"2012-11-03T00:02:34","date_gmt":"2012-11-03T06:02:34","guid":{"rendered":"http:\/\/www.diarioimagen.net\/?p=109849"},"modified":"2012-11-05T03:51:49","modified_gmt":"2012-11-05T09:51:49","slug":"mexico-requiere-de-lideres-que-se-conduzcan-con-responsabilidad-social-cordova-villalobos","status":"publish","type":"post","link":"https:\/\/www.diarioimagen.net\/?p=109849","title":{"rendered":"M\u00e9xico requiere de l\u00edderes que se conduzcan con responsabilidad social: C\u00f3rdova Villalobos"},"content":{"rendered":"<ul>\n<li><em><strong>En la Universidad Iberoamericana de Le\u00f3n, Guanajuato, el titular de la SEP pidi\u00f3 cambiar a una mentalidad positiva y ganadora<\/strong><\/em><\/li>\n<li><em><strong>Los j\u00f3venes deben conducirse con responsabilidad social y generar el bienestar de la poblaci\u00f3n.<\/strong><\/em><\/li>\n<\/ul>\n<div id=\"attachment_109851\" style=\"width: 250px\" class=\"wp-caption alignleft\"><a class=\"highslide\" onclick=\"return vz.expand(this)\" href=\"http:\/\/www.diarioimagen.net\/wp-content\/uploads\/2012\/11\/sep-03.jpg\"><img loading=\"lazy\" decoding=\"async\" aria-describedby=\"caption-attachment-109851\" class=\"size-medium wp-image-109851\" title=\"sep-03\" src=\"http:\/\/www.diarioimagen.net\/wp-content\/uploads\/2012\/11\/sep-03-240x135.jpg\" alt=\"\" width=\"240\" height=\"135\" \/><\/a><p id=\"caption-attachment-109851\" class=\"wp-caption-text\">En el evento acompa\u00f1aron al secretario de Educaci\u00f3n el director general de Servicios Universitarios de la Universidad Iberoamericana, Rogelio Hern\u00e1ndez Ter\u00e1n y el presidente de la Asociaci\u00f3n de Sociedades de Alumnos, Mario Alberto Mondrag\u00f3n.<\/p><\/div>\n<p><strong>Le\u00f3n, Guanajuato<\/strong>.-Los nuevos liderazgos de j\u00f3venes est\u00e1n llamados a convertirse en la generaci\u00f3n que cambie la mentalidad de los mexicanos por una positiva, optimista y ganadora, porque disponen de las herramientas y habilidades para asumir ese papel, asegur\u00f3 el Secretario de Educaci\u00f3n P\u00fablica, Doctor Jos\u00e9 \u00c1ngel C\u00f3rdova Villalobos.<\/p>\n<p>Al dictar la conferencia Magistral \u201cLiderazgo y Responsabilidad Social\u201d, en la Universidad Iberoamericana de Le\u00f3n, el Doctor C\u00f3rdova Villalobos llam\u00f3 a los estudiantes a conducirse con responsabilidad social y a trabajar para generar el bienestar de la comunidad para lograr una distribuci\u00f3n equitativa de la riqueza y para mejorar el nivel de vida de la poblaci\u00f3n en general.<\/p>\n<p>Indic\u00f3 que un l\u00edder se caracteriza por trabajar en equipo, tener empat\u00eda, conducirse con sinceridad, honestidad, integridad, transparencia, confianza y compromiso con M\u00e9xico.<\/p>\n<p>El titular de la SEP manifest\u00f3 que durante el ciclo escolar 2012-2013, se estima gastar 67 mil 600 pesos por alumno inscrito en una universidad p\u00fablica, es decir, casi cinco veces m\u00e1s que en uno del nivel de primaria.<\/p>\n<p>Mencion\u00f3 que la matr\u00edcula en educaci\u00f3n superior es de 3.5 millones de alumnos, de los cuales alrededor de un tercio estudia en una instituci\u00f3n particular y el resto en universidades p\u00fablicas.\u00a0 Agreg\u00f3 que la cobertura en este nivel ser\u00e1 del 35 por ciento al concluir la presente administraci\u00f3n.<\/p>\n<p>El responsable de la pol\u00edtica educativa del pa\u00eds afirm\u00f3 que M\u00e9xico exporta m\u00e1s manufacturas que el resto de los pa\u00edses de Am\u00e9rica Latina juntos, adem\u00e1s de que\u00a0 nuestro pa\u00eds es la d\u00e9cima cuarta econom\u00eda m\u00e1s grande del mundo, tiene la inflaci\u00f3n m\u00e1s baja de los \u00faltimos 40 a\u00f1os y las reservas hist\u00f3ricas del Banco de M\u00e9xico ascienden a cerca de 160 mil millones de d\u00f3lares.<\/p>\n<p>Tambi\u00e9n dijo que \u201cel Gobierno Federal act\u00faa de cara a la ciudadan\u00eda y bajo el escrutinio de todos, rinde cuentas y se conduce con transparencia\u201d. Luego, el Secretario de Educaci\u00f3n P\u00fablica, Doctor Jos\u00e9 \u00c1ngel C\u00f3rdova Villalobos, inaugur\u00f3 la Primera Reuni\u00f3n Nacional de Sociedades de Alumnos del Sistema Universitario Jesuita.<\/p>\n<p>Ante alumnos, maestros y el Rector de la Universidad Iberoamericana de Le\u00f3n, Marco Antonio Bran Flores, el Secretario C\u00f3rdova indic\u00f3 que a M\u00e9xico le hacen falta l\u00edderes que velen por el futuro de los dem\u00e1s y que impulsen los cambios que requiere la naci\u00f3n para volverla m\u00e1s competitiva y productiva y que brinden las oportunidades de empleo que demanda la poblaci\u00f3n.<\/p>\n","protected":false},"excerpt":{"rendered":"<p>Los nuevos liderazgos de j\u00f3venes est\u00e1n llamados a convertirse en la generaci\u00f3n que cambie la mentalidad de los mexicanos por una positiva, optimista y ganadora, porque disponen de las herramientas y habilidades para asumir ese papel, asegur\u00f3 el Secretario de Educaci\u00f3n P\u00fablica, Doctor Jos\u00e9 \u00c1ngel C\u00f3rdova Villalobos.<\/p>\n","protected":false},"author":1,"featured_media":0,"comment_status":"open","ping_status":"open","sticky":false,"template":"","format":"standard","meta":{"_monsterinsights_skip_tracking":false,"_monsterinsights_sitenote_active":false,"_monsterinsights_sitenote_note":"","_monsterinsights_sitenote_category":0,"footnotes":""},"categories":[17],"tags":[430,43673,459],"class_list":["post-109849","post","type-post","status-publish","format-standard","hentry","category-especiales","tag-jose-angel-cordova-villalobos","tag-nacional","tag-sep"],"_links":{"self":[{"href":"https:\/\/www.diarioimagen.net\/index.php?rest_route=\/wp\/v2\/posts\/109849","targetHints":{"allow":["GET"]}}],"collection":[{"href":"https:\/\/www.diarioimagen.net\/index.php?rest_route=\/wp\/v2\/posts"}],"about":[{"href":"https:\/\/www.diarioimagen.net\/index.php?rest_route=\/wp\/v2\/types\/post"}],"author":[{"embeddable":true,"href":"https:\/\/www.diarioimagen.net\/index.php?rest_route=\/wp\/v2\/users\/1"}],"replies":[{"embeddable":true,"href":"https:\/\/www.diarioimagen.net\/index.php?rest_route=%2Fwp%2Fv2%2Fcomments&post=109849"}],"version-history":[{"count":0,"href":"https:\/\/www.diarioimagen.net\/index.php?rest_route=\/wp\/v2\/posts\/109849\/revisions"}],"wp:attachment":[{"href":"https:\/\/www.diarioimagen.net\/index.php?rest_route=%2Fwp%2Fv2%2Fmedia&parent=109849"}],"wp:term":[{"taxonomy":"category","embeddable":true,"href":"https:\/\/www.diarioimagen.net\/index.php?rest_route=%2Fwp%2Fv2%2Fcategories&post=109849"},{"taxonomy":"post_tag","embeddable":true,"href":"https:\/\/www.diarioimagen.net\/index.php?rest_route=%2Fwp%2Fv2%2Ftags&post=109849"}],"curies":[{"name":"wp","href":"https:\/\/api.w.org\/{rel}","templated":true}]}}