{"id":109853,"date":"2012-11-03T00:01:28","date_gmt":"2012-11-03T06:01:28","guid":{"rendered":"http:\/\/www.diarioimagen.net\/?p=109853"},"modified":"2012-11-05T03:51:37","modified_gmt":"2012-11-05T09:51:37","slug":"resuenan-la-cumbia-y-en-rock-en-la-feria-de-las-calacas","status":"publish","type":"post","link":"https:\/\/www.diarioimagen.net\/?p=109853","title":{"rendered":"Resuenan la cumbia y en rock en la Feria de las Calacas"},"content":{"rendered":"<ul>\n<li><em><strong>La agrupaci\u00f3n Monedita de Oro con su concierto \u00a1Ay calacas! puso a bailar a las familias con su propuesta musical vers\u00e1til y fresca<\/strong><\/em><\/li>\n<li><em><strong>El festejo es organizado Conaculta Ni\u00f1os Alas y Ra\u00edces, y se realiza en el Centro Nacional de las Artes<\/strong><\/em><\/li>\n<\/ul>\n<div id=\"attachment_109855\" style=\"width: 250px\" class=\"wp-caption alignleft\"><a class=\"highslide\" onclick=\"return vz.expand(this)\" href=\"http:\/\/www.diarioimagen.net\/wp-content\/uploads\/2012\/11\/monedita-de-oro-03.jpg\"><img loading=\"lazy\" decoding=\"async\" aria-describedby=\"caption-attachment-109855\" class=\"size-medium wp-image-109855\" title=\"monedita-de-oro-03\" src=\"http:\/\/www.diarioimagen.net\/wp-content\/uploads\/2012\/11\/monedita-de-oro-03-240x135.jpg\" alt=\"\" width=\"240\" height=\"135\" \/><\/a><p id=\"caption-attachment-109855\" class=\"wp-caption-text\">Monedita de Oro alegr\u00f3 a los asistentes.<\/p><\/div>\n<p>Con letras urbanas con referencia\u00a0 a los padres, los perros, los tacos de la esquina, la televisi\u00f3n, la escuela y hasta el <em>bullying<\/em> la agrupaci\u00f3n poblana Monedita de Oro alegr\u00f3 a los asistentes en el Foro Principal de la XII de la Feria de las Calacas.<\/p>\n<p>A ritmo de cumbia, rock y sonidos urbanos el grupo liderado por Juan Moneda, e integrado por Erich Amig\u00f3n, Alfredo Lima, Nicol\u00e1s Macuil present\u00f3 en punto del mediod\u00eda su propuesta musical vers\u00e1til y fresca dirigida a los ni\u00f1os y p\u00fablico en general.<\/p>\n<p>\u201cCalaveras, \u00e1nimas y catrinas, dan la bienvenida\u201d, se escuch\u00f3 en el sonido del Foro 27 de la Feria de las Calacas, ni\u00f1os disfrazados de espantap\u00e1jaros, parcas, vampiritos, conejos, ara\u00f1as, Chuckys y otras figuras del inframundo aplaudieron y gritaban emocionados tras los acordes de la guitarra que se preparaba para interpretar la primera canci\u00f3n del concierto: <em>Vamos a reciclar.<\/em><\/p>\n<p>El evento, realizado en el marco de la XII Feria de las Calacas del Conaculta Ni\u00f1os Alas y Ra\u00edces; asistieron familias completas integradas por abuelos, padres, j\u00f3venes y ni\u00f1os, quienes no dejaron de cantar y acompa\u00f1ar con sus palmas a la agrupaci\u00f3n en sus canciones: <em>Las mam\u00e1s tienen radar, La panza y la lombriz <\/em>y <em>Ya no te\u00a0<\/em><em>quiero televisi\u00f3n, <\/em>en cuyas letras se refleja lo cotidiano y lo absurdo del vivir diario con un juego de palabras muy mexicanas.<\/p>\n<p>En el lugar, al que poco a poco fue congreg\u00e1ndose m\u00e1s gente, nunca decay\u00f3 el \u00e1nimo a pesar del aire fresco que se sent\u00eda en las \u00e1reas verdes del Centro Nacional de las Artes, los ni\u00f1os brincaban y cantaban con una sonrisa en sus rostros con temas como <em>El mamey <\/em>y <em>Los carnales, <\/em>con las que se retrat\u00f3 a la sociedad y a la familia mexicana de una manera humor\u00edstica.<\/p>\n<p>Los cuatros integrantes mantuvieron una comunicaci\u00f3n constante con el p\u00fablico, al ponerlos a cantar, bailar y por momentos conversar. Juan Moneda expres\u00f3 que en M\u00e9xico se festeja y se convive con la muerte. \u201cPido aplausos para los que cayeron con la muerte este a\u00f1o de la manera en la que haya sido\u201d, para despu\u00e9s continuar la fiesta musical con <em>Pap\u00e1 panz\u00f3n.<\/em><\/p>\n<p>El p\u00fablico que no permiti\u00f3 que los esp\u00edritus chocarreros espantar\u00e1n la diversi\u00f3n tambi\u00e9n disfrut\u00f3 de las canciones <em>Tacos de suadero, Solovino, El berrinche <\/em>y<em> Nadie, <\/em>\u00e9sta \u00faltima con la que Monedita de oro particip\u00f3 en el 2011 con el disco \u201cWorld party\u201d del sello Putumayo Kids.<\/p>\n<p>Pero el concierto adem\u00e1s de divertir tambi\u00e9n busc\u00f3 dejar un mensaje respecto a las personas con discapacidad con su canci\u00f3n <em>Sillas con alas. <\/em>\u201cQueremos una relaci\u00f3n de respeto con las personas discapacitadas, sal\u00fadenlos, t\u00e9ngales respeto\u201d, apunt\u00f3 Moneda.<\/p>\n<p>La agrupaci\u00f3n de Atlixco, Puebla, conformada en el a\u00f1o 2000 termin\u00f3 su concierto de una hora de duraci\u00f3n con la \u201crola\u201d <em>Mosca en la sopa <\/em>e invitaron al p\u00fablico a seguir celebrando en d\u00eda de muertos con las actividades preparadas por el Conaculta Ni\u00f1os Alas y Ra\u00edces.<\/p>\n","protected":false},"excerpt":{"rendered":"<p>Con letras urbanas con referencia  a los padres, los perros, los tacos de la esquina, la televisi\u00f3n, la escuela y hasta el bullying la agrupaci\u00f3n poblana Monedita de Oro alegr\u00f3 a los asistentes hoy 2 de noviembre en el Foro Principal de la XII de la Feria de las Calacas.<\/p>\n","protected":false},"author":1,"featured_media":0,"comment_status":"open","ping_status":"open","sticky":false,"template":"","format":"standard","meta":{"_monsterinsights_skip_tracking":false,"_monsterinsights_sitenote_active":false,"_monsterinsights_sitenote_note":"","_monsterinsights_sitenote_category":0,"footnotes":""},"categories":[17],"tags":[8803,43685],"class_list":["post-109853","post","type-post","status-publish","format-standard","hentry","category-especiales","tag-conaculta","tag-cultura"],"_links":{"self":[{"href":"https:\/\/www.diarioimagen.net\/index.php?rest_route=\/wp\/v2\/posts\/109853","targetHints":{"allow":["GET"]}}],"collection":[{"href":"https:\/\/www.diarioimagen.net\/index.php?rest_route=\/wp\/v2\/posts"}],"about":[{"href":"https:\/\/www.diarioimagen.net\/index.php?rest_route=\/wp\/v2\/types\/post"}],"author":[{"embeddable":true,"href":"https:\/\/www.diarioimagen.net\/index.php?rest_route=\/wp\/v2\/users\/1"}],"replies":[{"embeddable":true,"href":"https:\/\/www.diarioimagen.net\/index.php?rest_route=%2Fwp%2Fv2%2Fcomments&post=109853"}],"version-history":[{"count":0,"href":"https:\/\/www.diarioimagen.net\/index.php?rest_route=\/wp\/v2\/posts\/109853\/revisions"}],"wp:attachment":[{"href":"https:\/\/www.diarioimagen.net\/index.php?rest_route=%2Fwp%2Fv2%2Fmedia&parent=109853"}],"wp:term":[{"taxonomy":"category","embeddable":true,"href":"https:\/\/www.diarioimagen.net\/index.php?rest_route=%2Fwp%2Fv2%2Fcategories&post=109853"},{"taxonomy":"post_tag","embeddable":true,"href":"https:\/\/www.diarioimagen.net\/index.php?rest_route=%2Fwp%2Fv2%2Ftags&post=109853"}],"curies":[{"name":"wp","href":"https:\/\/api.w.org\/{rel}","templated":true}]}}