{"id":109858,"date":"2012-11-04T00:04:15","date_gmt":"2012-11-04T06:04:15","guid":{"rendered":"http:\/\/www.diarioimagen.net\/?p=109858"},"modified":"2012-11-05T03:52:24","modified_gmt":"2012-11-05T09:52:24","slug":"abre-a-la-circulacion-eruviel-avila-puentes-vehiculares-en-las-torres-y-heriberto-enriquez","status":"publish","type":"post","link":"https:\/\/www.diarioimagen.net\/?p=109858","title":{"rendered":"Abre a la circulaci\u00f3n Eruviel \u00c1vila puentes vehiculares en Las Torres y Heriberto Enr\u00edquez"},"content":{"rendered":"<ul>\n<li><em>Dar\u00e1n continuidad al flujo vehicular en esta importante vialidad, y contribuir\u00e1n a disminuir emisiones contaminantes, se\u00f1al\u00f3 el gobernador.<\/em><\/li>\n<li><em>En un recorrido de supervisi\u00f3n, consider\u00f3 apropiado habilitar la obra y posteriormente llevar a cabo la inauguraci\u00f3n oficial.<\/em><\/li>\n<\/ul>\n<p><strong><a class=\"highslide\" onclick=\"return vz.expand(this)\" href=\"http:\/\/www.diarioimagen.net\/wp-content\/uploads\/2012\/11\/eruviel-04.jpg\"><img loading=\"lazy\" decoding=\"async\" class=\"alignleft size-medium wp-image-109859\" style=\"margin-right: 9px; margin-bottom: 9px;\" title=\"eruviel-04\" src=\"http:\/\/www.diarioimagen.net\/wp-content\/uploads\/2012\/11\/eruviel-04-240x135.jpg\" alt=\"\" width=\"240\" height=\"135\" \/><\/a>Toluca, Estado de M\u00e9xico.-<\/strong> El gobernador Eruviel \u00c1vila Villegas puso en funcionamiento los puentes inferiores vehiculares de Avenida Solidaridad Las Torres, en su cruce con Heriberto Enr\u00edquez, luego de que en un recorrido de supervisi\u00f3n por diversas obras viales de este municipio, se determin\u00f3 la viabilidad t\u00e9cnica para su inmediato uso.<\/p>\n<p>\u201cEsta obra, como podemos apreciar, pr\u00e1cticamente est\u00e1 concluida, nada m\u00e1s son, por lo que veo, detalles de jardiner\u00eda\u2026 Y si la obra ya est\u00e1 concluida, si ya est\u00e1 funcional, instruyo al se\u00f1or secretario de Comunicaciones, Apolinar Mena Vargas que en este mismo momento, en cuanto desocupemos aqu\u00ed nosotros el espacio, se ponga en funcionamiento, se la entreguemos a la gente y pensemos en su inauguraci\u00f3n formal para otro d\u00eda\u201d, se\u00f1al\u00f3.<\/p>\n<p>As\u00ed, desde esta ma\u00f1ana qued\u00f3 en funcionamiento esta importante obra vial de la capital del Estado de M\u00e9xico, que beneficiar\u00e1 de manera directa a m\u00e1s de 650 mil habitantes de los municipios del Valle de Toluca, al permitir la circulaci\u00f3n continua de los veh\u00edculos, abatiendo costos y tiempos de recorrido, adem\u00e1s de disminuir la emisi\u00f3n de contaminantes a la atm\u00f3sfera.<\/p>\n<p>El gobernador Eruviel \u00c1vila inform\u00f3 que la inversi\u00f3n para llevar a cabo esta obra fue de 191 millones de pesos, y que los detalles de jardiner\u00eda que faltan ser\u00e1n concluidos a la brevedad, pero aclar\u00f3 que estos trabajos en nada afectan la operaci\u00f3n de los puentes, por lo que consider\u00f3 prioritario habilitarlos para beneficiar a los habitantes de esta regi\u00f3n, principalmente de Toluca, Metepec y Zinacantepec, que se ven interconectados por la Avenida Solidaridad\u2013Las Torres.<\/p>\n<p>Acompa\u00f1ado por el secretario de Comunicaciones, Apolinar Mena Vargas; por el alcalde de Toluca, Guillermo Legorreta Mart\u00ednez, y por el director general de la Junta de Caminos del Estado de M\u00e9xico, Francisco Rub\u00e9n Bringas Pe\u00f1aloza, el titular del Ejecutivo estatal recorri\u00f3 ambos sentidos de los pasos vehiculares y comprob\u00f3 que ya estaban listos para funcionar.<\/p>\n<p>\u201cLo m\u00e1s importantes es que hoy ya est\u00e1n, insisto, listos para ponerse en funcionamiento, para ponerse en marcha en favor de todos los vecinos de esta regi\u00f3n, de la ciudad capital, que es Toluca,\u201d recalc\u00f3.<\/p>\n<p>Apolinar Mena precis\u00f3 que la construcci\u00f3n de la obra inici\u00f3 el pasado 24 de abril y cuenta con una longitud de 390 metros en su lado norte; 420 metros en el sur y 8 metros de ancho.<\/p>\n<p>Destac\u00f3 que esta apertura habilita cinco kil\u00f3metros de recorrido ininterrumpido, con lo que cerca de 17 mil automovilistas, que circulan diariamente por esta vialidad, acortar\u00e1n sus tiempos de traslado, y costo de recorrido.<\/p>\n","protected":false},"excerpt":{"rendered":"<p>El gobernador Eruviel \u00c1vila Villegas puso en funcionamiento los puentes inferiores vehiculares de Avenida Solidaridad Las Torres, en su cruce con Heriberto Enr\u00edquez, luego de que en un recorrido de supervisi\u00f3n por diversas obras viales de este municipio, se determin\u00f3 la viabilidad t\u00e9cnica para su inmediato uso.<\/p>\n","protected":false},"author":1,"featured_media":0,"comment_status":"open","ping_status":"open","sticky":false,"template":"","format":"standard","meta":{"_monsterinsights_skip_tracking":false,"_monsterinsights_sitenote_active":false,"_monsterinsights_sitenote_note":"","_monsterinsights_sitenote_category":0,"footnotes":""},"categories":[17],"tags":[5828,43675,10166],"class_list":["post-109858","post","type-post","status-publish","format-standard","hentry","category-especiales","tag-eruviel-avila-villegas","tag-estado-de-mexico","tag-las-torres"],"_links":{"self":[{"href":"https:\/\/www.diarioimagen.net\/index.php?rest_route=\/wp\/v2\/posts\/109858","targetHints":{"allow":["GET"]}}],"collection":[{"href":"https:\/\/www.diarioimagen.net\/index.php?rest_route=\/wp\/v2\/posts"}],"about":[{"href":"https:\/\/www.diarioimagen.net\/index.php?rest_route=\/wp\/v2\/types\/post"}],"author":[{"embeddable":true,"href":"https:\/\/www.diarioimagen.net\/index.php?rest_route=\/wp\/v2\/users\/1"}],"replies":[{"embeddable":true,"href":"https:\/\/www.diarioimagen.net\/index.php?rest_route=%2Fwp%2Fv2%2Fcomments&post=109858"}],"version-history":[{"count":0,"href":"https:\/\/www.diarioimagen.net\/index.php?rest_route=\/wp\/v2\/posts\/109858\/revisions"}],"wp:attachment":[{"href":"https:\/\/www.diarioimagen.net\/index.php?rest_route=%2Fwp%2Fv2%2Fmedia&parent=109858"}],"wp:term":[{"taxonomy":"category","embeddable":true,"href":"https:\/\/www.diarioimagen.net\/index.php?rest_route=%2Fwp%2Fv2%2Fcategories&post=109858"},{"taxonomy":"post_tag","embeddable":true,"href":"https:\/\/www.diarioimagen.net\/index.php?rest_route=%2Fwp%2Fv2%2Ftags&post=109858"}],"curies":[{"name":"wp","href":"https:\/\/api.w.org\/{rel}","templated":true}]}}