{"id":109861,"date":"2012-11-04T00:05:05","date_gmt":"2012-11-04T06:05:05","guid":{"rendered":"http:\/\/www.diarioimagen.net\/?p=109861"},"modified":"2012-11-05T03:52:30","modified_gmt":"2012-11-05T09:52:30","slug":"enrique-pena-nieto-preve-revaluar-a-segob-luis-videgaray","status":"publish","type":"post","link":"https:\/\/www.diarioimagen.net\/?p=109861","title":{"rendered":"Enrique Pe\u00f1a Nieto prev\u00e9 revaluar a Segob: Luis Videgaray"},"content":{"rendered":"<div id=\"attachment_86579\" style=\"width: 250px\" class=\"wp-caption alignleft\"><a class=\"highslide\" onclick=\"return vz.expand(this)\" href=\"http:\/\/www.diarioimagen.net\/wp-content\/uploads\/2012\/04\/videgaray-1829.jpg\"><img loading=\"lazy\" decoding=\"async\" aria-describedby=\"caption-attachment-86579\" class=\"size-medium wp-image-86579\" title=\"videgaray-1829\" src=\"http:\/\/www.diarioimagen.net\/wp-content\/uploads\/2012\/04\/videgaray-1829-240x135.jpg\" alt=\"\" width=\"240\" height=\"135\" \/><\/a><p id=\"caption-attachment-86579\" class=\"wp-caption-text\">Luis Videgaray Caso.<\/p><\/div>\n<p>Luis Videgaray Caso, coordinador para la Transici\u00f3n Gubernamental, dijo que en los pr\u00f3ximos d\u00edas el presidente electo Enrique Pe\u00f1a Nieto presentar\u00e1 una propuesta de reforma a la Ley Org\u00e1nica de la Administraci\u00f3n P\u00fablica Federal que contempla \u00abrevaluar\u00bb el papel de la Secretar\u00eda de Gobernaci\u00f3n.<\/p>\n<p>En una entrevista de radio, el hombre m\u00e1s cercano al pr\u00f3ximo Presidente de la Rep\u00fablica detall\u00f3 que la propuesta de reforma administrativa \u00abcontiene algunos elementos de reorganizaci\u00f3n del Gobierno Federal, de reformas a la ley org\u00e1nica de la administraci\u00f3n p\u00fablica\u00bb.<\/p>\n<p>Y una de las cosas que hay que revaluar como pa\u00eds -puntualiz\u00f3 Videgaray Caso- ser\u00e1 el papel de la Secretar\u00eda de Gobernaci\u00f3n, esto se dar\u00e1 a conocer antes del 1 de diciembre. Dijo que hay un consenso entre los estudiosos de la administraci\u00f3n p\u00fablica mexicana de que el rol de Gobernaci\u00f3n deba revisarse.<\/p>\n<p>Coment\u00f3 que hay grandes avances en el proceso de transici\u00f3n, a la cual calific\u00f3 como \u00abtersa y eficaz\u00bb. Inform\u00f3 que se han realizado m\u00e1s de 70 reuniones con el Gobierno Federal, algunas de ellas en la residencia oficial de Los Pinos, a donde han acudido el presidente Felipe Calder\u00f3n y el presidente electo.<\/p>\n<p>\u00abVamos muy bien y vamos a lograr el objetivo de que el presidente electo y su gabinete tengan informaci\u00f3n completa sobre el diagn\u00f3stico y situaci\u00f3n del gobierno federal y tambi\u00e9n sobre las decisiones y temas que habr\u00e1 de tomar el nuevo gobierno en las pr\u00f3ximas semanas y meses\u00bb, dijo.<\/p>\n<p>Videgaray insisti\u00f3 en que es falso que Pe\u00f1a Nieto pretenda, en la reforma fiscal, imponer un aumento del IVA del 16% al 22%. Dijo que esa idea no tiene ning\u00fan fundamento.<br \/>\nIndic\u00f3 que las caracter\u00edsticas de la reforma fiscal de Pe\u00f1a Nieto se tendr\u00e1n que dar a conocer durante el primer a\u00f1o de ejercicio de la pr\u00f3xima administraci\u00f3n federal.<\/p>\n<p>Confi\u00f3 en que en el debate en torno a la reforma laboral se puedan alcanzar consensos. Sobre la elecci\u00f3n presidencial de Estados Unidos, record\u00f3 la posici\u00f3n de Pe\u00f1a Nieto en el sentido de que su gobierno est\u00e1 listo para trabajar con quien gane los comicios del 6 de noviembre<\/p>\n","protected":false},"excerpt":{"rendered":"<p>Luis Videgaray Caso, coordinador para la Transici\u00f3n Gubernamental, dijo que en los pr\u00f3ximos d\u00edas el presidente electo Enrique Pe\u00f1a Nieto presentar\u00e1 una propuesta de reforma a la Ley Org\u00e1nica de la Administraci\u00f3n P\u00fablica Federal que contempla \u00abrevaluar\u00bb el papel de la Secretar\u00eda de Gobernaci\u00f3n.<\/p>\n","protected":false},"author":1,"featured_media":0,"comment_status":"open","ping_status":"open","sticky":false,"template":"","format":"standard","meta":{"_monsterinsights_skip_tracking":false,"_monsterinsights_sitenote_active":false,"_monsterinsights_sitenote_note":"","_monsterinsights_sitenote_category":0,"footnotes":""},"categories":[17],"tags":[18,43673],"class_list":["post-109861","post","type-post","status-publish","format-standard","hentry","category-especiales","tag-enrique-pena-nieto","tag-nacional"],"_links":{"self":[{"href":"https:\/\/www.diarioimagen.net\/index.php?rest_route=\/wp\/v2\/posts\/109861","targetHints":{"allow":["GET"]}}],"collection":[{"href":"https:\/\/www.diarioimagen.net\/index.php?rest_route=\/wp\/v2\/posts"}],"about":[{"href":"https:\/\/www.diarioimagen.net\/index.php?rest_route=\/wp\/v2\/types\/post"}],"author":[{"embeddable":true,"href":"https:\/\/www.diarioimagen.net\/index.php?rest_route=\/wp\/v2\/users\/1"}],"replies":[{"embeddable":true,"href":"https:\/\/www.diarioimagen.net\/index.php?rest_route=%2Fwp%2Fv2%2Fcomments&post=109861"}],"version-history":[{"count":0,"href":"https:\/\/www.diarioimagen.net\/index.php?rest_route=\/wp\/v2\/posts\/109861\/revisions"}],"wp:attachment":[{"href":"https:\/\/www.diarioimagen.net\/index.php?rest_route=%2Fwp%2Fv2%2Fmedia&parent=109861"}],"wp:term":[{"taxonomy":"category","embeddable":true,"href":"https:\/\/www.diarioimagen.net\/index.php?rest_route=%2Fwp%2Fv2%2Fcategories&post=109861"},{"taxonomy":"post_tag","embeddable":true,"href":"https:\/\/www.diarioimagen.net\/index.php?rest_route=%2Fwp%2Fv2%2Ftags&post=109861"}],"curies":[{"name":"wp","href":"https:\/\/api.w.org\/{rel}","templated":true}]}}