{"id":109864,"date":"2012-11-04T00:03:39","date_gmt":"2012-11-04T06:03:39","guid":{"rendered":"http:\/\/www.diarioimagen.net\/?p=109864"},"modified":"2012-11-05T03:52:15","modified_gmt":"2012-11-05T09:52:15","slug":"registra-ssn-sismo-de-4-5-grados-en-la-paz-baja-california-sur","status":"publish","type":"post","link":"https:\/\/www.diarioimagen.net\/?p=109864","title":{"rendered":"Registra SSN sismo de 4.5 grados en La Paz, Baja California Sur"},"content":{"rendered":"<p><a class=\"highslide\" onclick=\"return vz.expand(this)\" href=\"http:\/\/www.diarioimagen.net\/wp-content\/uploads\/2012\/11\/baja-04.jpg\"><img loading=\"lazy\" decoding=\"async\" class=\"alignleft size-medium wp-image-109866\" style=\"margin-right: 9px; margin-bottom: 9px;\" title=\"baja-04\" src=\"http:\/\/www.diarioimagen.net\/wp-content\/uploads\/2012\/11\/baja-04-240x135.jpg\" alt=\"\" width=\"240\" height=\"135\" \/><\/a>El Servicio Sismol\u00f3gico Nacional (SSMN) registr\u00f3 un sismo 4.5 grados en la escala de Richter con epicentro en La Paz, Baja California Sur, durante la madrugada de este domingo.<\/p>\n<p>El organismo del Instituto de Geof\u00edsica de la Universidad Nacional Aut\u00f3noma de M\u00e9xico precis\u00f3 en su reporte que el temblor ocurri\u00f3 a las 03:53 horas a 62 kil\u00f3metros al Norte de La Paz, en las coordenadas latitud 24.70 y Longitud -110.20 grados, a seis kil\u00f3metros de profundidad.<\/p>\n<p>En su cuenta de Twitter, la dependencia public\u00f3: SISMO Magnitud 4.5 Loc. 62 km al NORTE de LA PAZ, BCS 04\/11\/12 03:53:06 Lat 24.69 Lon -110.20 Pf 6<\/p>\n","protected":false},"excerpt":{"rendered":"<p>El Servicio Sismol\u00f3gico Nacional (SSMN) registr\u00f3 un sismo 4.5 grados en la escala de Richter con epicentro en La Paz, Baja California Sur, durante la madrugada de este domingo.<\/p>\n","protected":false},"author":1,"featured_media":0,"comment_status":"open","ping_status":"open","sticky":false,"template":"","format":"standard","meta":{"_monsterinsights_skip_tracking":false,"_monsterinsights_sitenote_active":false,"_monsterinsights_sitenote_note":"","_monsterinsights_sitenote_category":0,"footnotes":""},"categories":[17],"tags":[775,2324,43673,677],"class_list":["post-109864","post","type-post","status-publish","format-standard","hentry","category-especiales","tag-baja-california-sur","tag-la-paz","tag-nacional","tag-sismo"],"_links":{"self":[{"href":"https:\/\/www.diarioimagen.net\/index.php?rest_route=\/wp\/v2\/posts\/109864","targetHints":{"allow":["GET"]}}],"collection":[{"href":"https:\/\/www.diarioimagen.net\/index.php?rest_route=\/wp\/v2\/posts"}],"about":[{"href":"https:\/\/www.diarioimagen.net\/index.php?rest_route=\/wp\/v2\/types\/post"}],"author":[{"embeddable":true,"href":"https:\/\/www.diarioimagen.net\/index.php?rest_route=\/wp\/v2\/users\/1"}],"replies":[{"embeddable":true,"href":"https:\/\/www.diarioimagen.net\/index.php?rest_route=%2Fwp%2Fv2%2Fcomments&post=109864"}],"version-history":[{"count":0,"href":"https:\/\/www.diarioimagen.net\/index.php?rest_route=\/wp\/v2\/posts\/109864\/revisions"}],"wp:attachment":[{"href":"https:\/\/www.diarioimagen.net\/index.php?rest_route=%2Fwp%2Fv2%2Fmedia&parent=109864"}],"wp:term":[{"taxonomy":"category","embeddable":true,"href":"https:\/\/www.diarioimagen.net\/index.php?rest_route=%2Fwp%2Fv2%2Fcategories&post=109864"},{"taxonomy":"post_tag","embeddable":true,"href":"https:\/\/www.diarioimagen.net\/index.php?rest_route=%2Fwp%2Fv2%2Ftags&post=109864"}],"curies":[{"name":"wp","href":"https:\/\/api.w.org\/{rel}","templated":true}]}}