{"id":110010,"date":"2012-11-05T00:01:13","date_gmt":"2012-11-05T06:01:13","guid":{"rendered":"http:\/\/www.diarioimagen.net\/?p=110010"},"modified":"2012-11-06T02:00:10","modified_gmt":"2012-11-06T08:00:10","slug":"el-congreso-nacional-de-patrimonio-cultural-inmaterial-y-turismo-del-7-al-10-de-noviembre","status":"publish","type":"post","link":"https:\/\/www.diarioimagen.net\/?p=110010","title":{"rendered":"El Congreso Nacional de Patrimonio Cultural Inmaterial y Turismo, del 7 al 10 de noviembre"},"content":{"rendered":"<h2>De cinco estrellas<\/h2>\n<h5>Victoria Gonz\u00e1lez Prado<\/h5>\n<p>&nbsp;<\/p>\n<ul>\n<li><em><strong>Puebla ha invertido m\u00e1s de 300 millones de pesos en infraestructura para el Tianguis Tur\u00edstico<\/strong><\/em><\/li>\n<li><em><strong>Un \u00e9xito, celebrar la segunda edici\u00f3n del Torneo de Golf Canc\u00fan<\/strong><\/em><\/li>\n<li><em><strong>Javier Aranda, nuevo presidente de la ONETE, en Espa\u00f1a<\/strong><\/em><\/li>\n<li><em><strong>Estrenan amenidades en el desarrollo residencial Amara Canc\u00fan<\/strong><\/em><\/li>\n<\/ul>\n<div id=\"attachment_110036\" style=\"width: 250px\" class=\"wp-caption alignleft\"><a class=\"highslide\" onclick=\"return vz.expand(this)\" href=\"http:\/\/www.diarioimagen.net\/wp-content\/uploads\/2012\/11\/turismo-1973.jpg\"><img loading=\"lazy\" decoding=\"async\" aria-describedby=\"caption-attachment-110036\" class=\"size-medium wp-image-110036\" title=\"turismo-1973\" src=\"http:\/\/www.diarioimagen.net\/wp-content\/uploads\/2012\/11\/turismo-1973-240x171.jpg\" alt=\"\" width=\"240\" height=\"171\" \/><\/a><p id=\"caption-attachment-110036\" class=\"wp-caption-text\">Centro de Guadalajara.<\/p><\/div>\n<p>El Congreso Nacional de Patrimonio Cultural Inmaterial y\u00a0Turismo se llevar\u00e1 a cabo en Guadalajara, del 7 al 10 de noviembre, con el apoyo de la Secretar\u00eda de Cultura de Jalisco (SCJ) y el Consejo Estatal para la Cultura y las Artes (CECA) y Laboratorio <em>Eskol\u00e9,<\/em> impulsores de la iniciativa, que, en esta ocasi\u00f3n, al lado de Servicios Tur\u00edsticos Profesionales, apoyan la cultura y el turismo, en\u00a0pro\u00a0del Patrimonio Inmaterial en M\u00e9xico. <strong>Eva Ang\u00e9lica Guerra<\/strong> <strong>\u00c1valos<\/strong>, presidenta del comit\u00e9 organizador del congreso e investigadora de la Universidad de Guadalajara, dijo que el objetivo del \u00e9ste es promover el respeto a las manifestaciones culturales: \u201cEs un proyecto para empatar las discusiones en la gesti\u00f3n tur\u00edstica en la\u00a0cultura, en espec\u00edfico, a su fase inmaterial. El foro re\u00fane a personajes y propicia un aprendizaje de las pr\u00e1cticas comunitarias vivas en Jalisco, como el lenguaje, la tradici\u00f3n oral, la cosmovisi\u00f3n, los ritos, fiestas, saberes y creencias. En \u00e9l se abordar\u00e1n temas como: la cultura wix\u00e1rika, artesan\u00edas, gastronom\u00eda, juegos aut\u00f3ctonos, leyendas, medicina ritual, m\u00fasica tradicional, n\u00e1huatl, nieve de garrafa, rituales de religiosidad, tastoanes, entre otros. <strong>Guerra \u00c1valos <\/strong>hizo un llamado a gestores, promotores culturales y a los turistas, a sensibilizarse \u201csobre su responsabilidad en la salvaguardia de la pluralidad de expresiones patrimoniales inmateriales, aludiendo al compromiso necesario para la creaci\u00f3n de propuestas sustentables de gesti\u00f3n tur\u00edstica en continua atenci\u00f3n a la diversidad cultural\u201d. <strong>Juan Arturo Camacho Becerra<\/strong>, presidente del Consejo Estatal para la Cultura y las Artes, dijo que con la participaci\u00f3n de la Comisi\u00f3n Estatal Ind\u00edgena y especialistas, trabajan en una nueva ley de protecci\u00f3n al patrimonio cultural. <strong>V\u00edctor Mijangos Castellanos<\/strong>, director general de Planeaci\u00f3n y Desarrollo de Destinos Tur\u00edsticos, de Jalisco, destac\u00f3 que las nuevas tendencias del turismo en el mundo est\u00e1n orientadas a la apreciaci\u00f3n de costumbres, lo que \u201cabre una gama de posibilidades, por lo que debemos ver al turismo no con esa imagen depredadora de territorios, sino con una nueva sensibilidad\u201d <strong>Mario Alberto Orozco Abundis<\/strong>, rector del Centro Universitario de Arte, Arquitectura y Dise\u00f1o, hizo votos para que el foro arroje resultados en materia de propuestas de pol\u00edticas p\u00fablicas y programas de acci\u00f3n orientados a fomentar el turismo sustentable. Mas informaci\u00f3n: <a href=\"http:\/\/www.patrimonioyturismo.org\/\" target=\"_blank\">www.patrimonioyturismo.org<\/a><\/p>\n<p>\u2730\u2730\u2730\u2730\u2730\u00a0<strong>Rafael<\/strong> <strong>Moreno Valle<\/strong>, gobernador de Puebla, inform\u00f3 que como parte de los preparativos para el desarrollo del Tianguis Tur\u00edstico, que se realizar\u00e1 en la capital poblana, se han invertido m\u00e1s de 300 millones de pesos en infraestructura, lo cual ha permitido rescatar la imagen urbana de la zona de los fuertes, la pavimentaci\u00f3n del boulevard 5 de Mayo y la construcci\u00f3n del telef\u00e9rico de la ciudad, que comunicar\u00e1 el Centro de Convenciones con el Centro Expositor.\u00a0 <strong>Gloria Guevara<\/strong>, secretar\u00eda de Turismo federal, se\u00f1al\u00f3 que entre los d\u00edas 17 y 20 de marzo se realizar\u00e1 la segunda versi\u00f3n del Tianguis Itinerante, considerado la principal plataforma de negocios para el sector tur\u00edstico mexicano y que recibir\u00e1 a m\u00e1s de mil 500 compradores de 33 pa\u00edses. Indic\u00f3 que Puebla ser\u00e1 el primer destino colonial del Tianguis Tur\u00edstico, y destac\u00f3 su importante oferta de turismo cultural y una gran tradici\u00f3n de la cocina mexicana, declarada Patrimonio Intangible de la Humanidad por la Unesco. En 2013, el comit\u00e9 organizador, integrado por representantes del sector privado y del gobierno, espera que las citas de negocios lleguen a 35 mil y la derrama econ\u00f3mica sea de 170 millones de pesos.<\/p>\n<p>\u2730\u2730\u2730\u2730\u2730\u00a0Un<strong> <\/strong>total de 60 golfistas locales y for\u00e1neos se dieron cita en Canc\u00fan para celebrar la segunda edici\u00f3n del Torneo de Golf Canc\u00fan, evento creado por el hotel Presidente InterContinental Canc\u00fan Resort. As\u00ed, recientemente, los participantes hicieron gala de sus habilidades en el Playa Mujeres Golf Club, campo de 18 hoyos par 72 y 7 mil 218 yardas dise\u00f1ado por <strong>Greg Norman<\/strong> y considerado como uno de los mejores campos de M\u00e9xico. La modalidad del torneo <em>A go-go<\/em> en <em>foursome<\/em> con categor\u00eda \u00fanica. Para participar, los interesados debieron proporcionar h\u00e1ndicap\/index de la Federaci\u00f3n Mexicana de Golf o del Club de Golf donde participa el jugador y la suma de cada <em>foursome <\/em>deber\u00e1 ser igual o mayor a 60, considerando FMG y reglas locales. \u201cEstamos muy contentos de haber concluido con gran \u00e9xito nuestro segundo Torneo de Golf Canc\u00fan y de haber contado con la participaci\u00f3n de golfistas que disputaron un evento memorable donde hemos tenido hoyo-en-uno. Nuestro objetivo es ofrecer al golfista lo mejor del destino: el mejor campo de golf con la mejor playa de Canc\u00fan que ofrece nuestro hotel\u201d, coment\u00f3 <strong>Nathalie Urban<\/strong>, gerente general del inmueble.<strong><\/strong><\/p>\n<p>\u2730\u2730\u2730\u2730\u2730\u00a0Las Oficinas Nacionales Extranjeras de Turismo en Espa\u00f1a (ONETE), eligieron un nuevo comit\u00e9 ejecutivo para el per\u00edodo 2012-2014, que encabeza <strong>Javier Aranda<\/strong>, director regional para Europa del Consejo de Promoci\u00f3n Tur\u00edstica de M\u00e9xico, quien <strong>Aranda <\/strong>afirm\u00f3 que el turismo es \u201cuna de las industrias que mayores beneficios genera a los pa\u00edses de todo el mundo, que se adapta y evoluciona en funci\u00f3n de los retos econ\u00f3micos, sociales, medioambientales y de salud. Es un gran generador de riqueza y\u00a0 empleos. Alrededor del 7% de todos los empleos en el mundo est\u00e1n directa o indirectamente relacionados con la actividad. Seg\u00fan datos de la Organizaci\u00f3n Mundial del Turismo (OMT). El nuevo presidente se\u00f1al\u00f3 que al finalizar este 2012 se alcanzar\u00e1n mil millones de viajeros internacionales y para 2030 se\u00a0 llegar\u00e1 a los mil\u00a0 800 millones. Destac\u00f3 que aunque las \u201cexpectativas son positivas\u201d, est\u00e1n conscientes de que Espa\u00f1a, a pesar de consolidarse como \u201cuno de los destinos mundiales preferidos\u201d, vive una situaci\u00f3n econ\u00f3mica dif\u00edcil que complica la emisi\u00f3n de turistas hacia otros pa\u00edses, por lo que las posibilidades de las oficinas extranjeras de incrementar flujos hacia sus pa\u00edses se reduce. En el comit\u00e9 ejecutivo de la ONETE hay tambi\u00e9n representantes de Polonia, <strong>\u00c1gata Witoslawska<\/strong>; Israel, <strong>Dolores P\u00e9rez Fr\u00edas<\/strong>; Andorra, <strong>Jes\u00fas Ram\u00edrez<\/strong>, y Espa\u00f1a, <strong>Gerardo Casas<\/strong>. ONETE es una asociaci\u00f3n que naci\u00f3 hace m\u00e1s de 30 a\u00f1os con el objetivo de estimular la promoci\u00f3n y el fomento del turismo internacional entre los pa\u00edses que la integran: Alemania, Andorra, B\u00e9lgica, Brasil, Croacia, Cuba, China, Egipto, Francia, Gran Breta\u00f1a, Grecia, Holanda, Hungr\u00eda, Ir\u00e1n, Irlanda, Israel, Italia, Marruecos, M\u00e9xico, Noruega, Polonia, Portugal, Puerto Rico, Rep\u00fablica Checa, Rep\u00fablica Dominicana, Rumania, Seychelles, Suiza, T\u00fanez y Turqu\u00eda.<\/p>\n<p>\u2730\u2730\u2730\u2730\u2730\u00a0Hace unos d\u00edas inauguraron las nuevas amenidades que ofrecer\u00e1 Amara Canc\u00fan, desarrollo residencial de ABILIA Inteligencia Inmobiliaria, ubicado en Residencial Puerta del Mar. En la primera fase del desarrollo se construyeron dos edificios, con un total de 136 y 132 departamentos, respectivamente. Es un proyecto dise\u00f1ado por la firma internacional de arquitectos KMD, considerando todas las necesidades reales para quienes desean vivir en Canc\u00fan. Las nuevas amenidades que ofrecer\u00e1 el desarrollo est\u00e1n pensadas en ofrecer a sus residentes un estilo de vida confortable, seguro y saludable. Es por ello que se dise\u00f1\u00f3 un\u00a0 gimnasio con vista al mar, aire acondicionado, espejos en muro, piso de hule especial y equipado con corredoras de \u00faltima generaci\u00f3n, un <em>Arc Trainer<\/em> que ayudar\u00e1 a trabajar todo el cuerpo con diferentes programas de entrenamiento y niveles de intensidad, bicicletas de <em>spinning<\/em> y tipo reclinada. Tambi\u00e9n contar\u00e1 una multiestaci\u00f3n\u00a0que incluye estaciones de trabajo para todos los m\u00fasculos del cuerpo y un <em>functional training<\/em> que aportar\u00e1 todos los niveles de entrenamiento por medio de poleas y equipamiento de peso libre. Sal\u00f3n de usos m\u00faltiples, donde los cond\u00f3minos podr\u00e1n disfrutar de un espacio acondicionado por muebles modulares en estancia con televisores, un \u00e1rea de juegos con mesas especiales y acondicionadas en brindar una estancia plena y confortable Adem\u00e1s cuenta con un jard\u00edn y una terraza ideales para realizar eventos especiales, yoga o meditaci\u00f3n. Un \u00e1rea exclusiva para ni\u00f1os ser\u00e1 el <em>Kids Club<\/em>, espacio donde los peque\u00f1os podr\u00e1n pasar horas de diversi\u00f3n, en un ambiente creado especialmente para ellos, con televisores de plasma con se\u00f1al privada, <em>puffs,<\/em> piso con mosaicos de hule para protecci\u00f3n y m\u00e1s. Las nuevas amenidades se integran al ya conocido Parque de Playa de Amara Canc\u00fan, donde se pueden realizar actividades al aire libre con acceso a deportes acu\u00e1ticos como: <em>kayaks, windsurf, snorkeling<\/em> y <em>kite surf,<\/em> adem\u00e1s de una\u00a0 alberca de m\u00e1s de mil 100 m\u00b2.<\/p>\n<p><em><a href=\"mailto:victoriagprado@gmail.com\" target=\"_blank\">victoriagprado@gmail.com<\/a><\/em><\/p>\n","protected":false},"excerpt":{"rendered":"<p>El Congreso Nacional de Patrimonio Cultural Inmaterial y Turismo se llevar\u00e1 a cabo en Guadalajara, del 7 al 10 de noviembre, con el apoyo de la Secretar\u00eda de Cultura de Jalisco (SCJ) y el Consejo Estatal para la Cultura y las Artes (CECA) y Laboratorio Eskol\u00e9, impulsores de la iniciativa, que, en esta ocasi\u00f3n, al lado de Servicios Tur\u00edsticos Profesionales, apoyan la cultura y el turismo, en pro del Patrimonio Inmaterial en M\u00e9xico.<\/p>\n","protected":false},"author":3,"featured_media":0,"comment_status":"open","ping_status":"open","sticky":false,"template":"","format":"standard","meta":{"_monsterinsights_skip_tracking":false,"_monsterinsights_sitenote_active":false,"_monsterinsights_sitenote_note":"","_monsterinsights_sitenote_category":0,"footnotes":""},"categories":[11],"tags":[107,43681,106],"class_list":["post-110010","post","type-post","status-publish","format-standard","hentry","category-turismo","tag-de-cinco-estrellas","tag-turismo","tag-victoria-gonzalez-prado"],"_links":{"self":[{"href":"https:\/\/www.diarioimagen.net\/index.php?rest_route=\/wp\/v2\/posts\/110010","targetHints":{"allow":["GET"]}}],"collection":[{"href":"https:\/\/www.diarioimagen.net\/index.php?rest_route=\/wp\/v2\/posts"}],"about":[{"href":"https:\/\/www.diarioimagen.net\/index.php?rest_route=\/wp\/v2\/types\/post"}],"author":[{"embeddable":true,"href":"https:\/\/www.diarioimagen.net\/index.php?rest_route=\/wp\/v2\/users\/3"}],"replies":[{"embeddable":true,"href":"https:\/\/www.diarioimagen.net\/index.php?rest_route=%2Fwp%2Fv2%2Fcomments&post=110010"}],"version-history":[{"count":0,"href":"https:\/\/www.diarioimagen.net\/index.php?rest_route=\/wp\/v2\/posts\/110010\/revisions"}],"wp:attachment":[{"href":"https:\/\/www.diarioimagen.net\/index.php?rest_route=%2Fwp%2Fv2%2Fmedia&parent=110010"}],"wp:term":[{"taxonomy":"category","embeddable":true,"href":"https:\/\/www.diarioimagen.net\/index.php?rest_route=%2Fwp%2Fv2%2Fcategories&post=110010"},{"taxonomy":"post_tag","embeddable":true,"href":"https:\/\/www.diarioimagen.net\/index.php?rest_route=%2Fwp%2Fv2%2Ftags&post=110010"}],"curies":[{"name":"wp","href":"https:\/\/api.w.org\/{rel}","templated":true}]}}