{"id":110127,"date":"2012-11-06T00:07:49","date_gmt":"2012-11-06T06:07:49","guid":{"rendered":"http:\/\/www.diarioimagen.net\/?p=110127"},"modified":"2012-11-06T02:21:18","modified_gmt":"2012-11-06T08:21:18","slug":"se-dejan-bases-para-fortalecer-al-imss-afirma-daniel-karam","status":"publish","type":"post","link":"https:\/\/www.diarioimagen.net\/?p=110127","title":{"rendered":"Se dejan bases para fortalecer al IMSS, afirma Daniel Karam"},"content":{"rendered":"<ul>\n<li><strong><em>Pavimentamos el camino de la salud, dice<\/em><\/strong><\/li>\n<\/ul>\n<div id=\"attachment_110192\" style=\"width: 250px\" class=\"wp-caption alignleft\"><a class=\"highslide\" onclick=\"return vz.expand(this)\" href=\"http:\/\/www.diarioimagen.net\/wp-content\/uploads\/2012\/11\/IMSS-1974.jpg\"><img loading=\"lazy\" decoding=\"async\" aria-describedby=\"caption-attachment-110192\" class=\"size-medium wp-image-110192\" title=\"IMSS-1974\" src=\"http:\/\/www.diarioimagen.net\/wp-content\/uploads\/2012\/11\/IMSS-1974-240x228.jpg\" alt=\"\" width=\"240\" height=\"228\" \/><\/a><p id=\"caption-attachment-110192\" class=\"wp-caption-text\">El director general del IMSS, Daniel Karam, present\u00f3 su \u00faltimo informe ante la Asamblea General de esa instituci\u00f3n.<\/p><\/div>\n<p>El director general del IMSS, Daniel Karam, se\u00f1al\u00f3 que las medidas adoptadas en la actual administraci\u00f3n generaron un mecanismo que le brinda un tiempo valioso a la siguiente administraci\u00f3n, para fortalecer los ingresos de la seguridad social.<\/p>\n<p>No obstante, asegur\u00f3 el titular del Instituto Mexicano del Seguro Social (IMSS), es ineludible la necesidad de llevar a cabo reformas que permitan dicho objetivo.<\/p>\n<p>Al presentar su \u00faltimo informe, el funcionario federal indic\u00f3 que \u201cpaso a paso con visi\u00f3n estrat\u00e9gica y constancia hemos ido pavimentando el camino de la salud en el IMSS, me parece que lo hemos dejado poco m\u00e1s transitable, quiz\u00e1 menos accidentado\u201d.<\/p>\n<p>Sin embargo, observ\u00f3 que el trabajo de darle mantenimiento y ampliaci\u00f3n a este rubro es permanente.<\/p>\n<p>En la 103 Asamblea General Ordinaria, el presidente de la Comisi\u00f3n de Vigilancia, Carlos G\u00e1lvez, detall\u00f3 que entre las principales problem\u00e1ticas de esa instituci\u00f3n se encuentra el pago al r\u00e9gimen de jubilaciones y pensiones de los trabajadores.<\/p>\n<p>As\u00ed como los financiamientos a los servicios m\u00e9dicos, seguro de salud para familia, el del costo de las jubilaciones y pensiones de trabajadores del programa IMSS-Oportunidades, asumidas en 2004, aplicable a los trabajadores que ingresaron a laborar antes de esa fecha.<\/p>\n<p>En el acto efectuado en la Unidad de Congresos del Centro M\u00e9dico Nacional Siglo XXI, el representante del sector obrero, Jos\u00e9 Luis Carazo hizo un llamado a los poderes Ejecutivo y Legislativo para recalcar que el IMSS \u201crequiere de una cirug\u00eda mayor en el tema financiero integral\u201d.<\/p>\n<p>Al responder el informe de Karam Toumeh, consider\u00f3 que las proyecciones de corto plazo indican que para 2013 se tendr\u00e1 que hacer uso de la reserva de contingencia por 18 mil millones de pesos como consecuencia del agotamiento de la reserva laboral.<\/p>\n","protected":false},"excerpt":{"rendered":"<p>El director general del IMSS, Daniel Karam, se\u00f1al\u00f3 que las medidas adoptadas en la actual administraci\u00f3n generaron un mecanismo que le brinda un tiempo valioso a la siguiente administraci\u00f3n, para fortalecer los ingresos de la seguridad social.<\/p>\n","protected":false},"author":3,"featured_media":0,"comment_status":"open","ping_status":"open","sticky":false,"template":"","format":"standard","meta":{"_monsterinsights_skip_tracking":false,"_monsterinsights_sitenote_active":false,"_monsterinsights_sitenote_note":"","_monsterinsights_sitenote_category":0,"footnotes":""},"categories":[877],"tags":[10520,257,8148,43692],"class_list":["post-110127","post","type-post","status-publish","format-standard","hentry","category-salud","tag-centro-medico-nacional-siglo-xxi","tag-imss","tag-instituto-mexicano-del-seguro-social","tag-salud"],"_links":{"self":[{"href":"https:\/\/www.diarioimagen.net\/index.php?rest_route=\/wp\/v2\/posts\/110127","targetHints":{"allow":["GET"]}}],"collection":[{"href":"https:\/\/www.diarioimagen.net\/index.php?rest_route=\/wp\/v2\/posts"}],"about":[{"href":"https:\/\/www.diarioimagen.net\/index.php?rest_route=\/wp\/v2\/types\/post"}],"author":[{"embeddable":true,"href":"https:\/\/www.diarioimagen.net\/index.php?rest_route=\/wp\/v2\/users\/3"}],"replies":[{"embeddable":true,"href":"https:\/\/www.diarioimagen.net\/index.php?rest_route=%2Fwp%2Fv2%2Fcomments&post=110127"}],"version-history":[{"count":0,"href":"https:\/\/www.diarioimagen.net\/index.php?rest_route=\/wp\/v2\/posts\/110127\/revisions"}],"wp:attachment":[{"href":"https:\/\/www.diarioimagen.net\/index.php?rest_route=%2Fwp%2Fv2%2Fmedia&parent=110127"}],"wp:term":[{"taxonomy":"category","embeddable":true,"href":"https:\/\/www.diarioimagen.net\/index.php?rest_route=%2Fwp%2Fv2%2Fcategories&post=110127"},{"taxonomy":"post_tag","embeddable":true,"href":"https:\/\/www.diarioimagen.net\/index.php?rest_route=%2Fwp%2Fv2%2Ftags&post=110127"}],"curies":[{"name":"wp","href":"https:\/\/api.w.org\/{rel}","templated":true}]}}