{"id":110129,"date":"2012-11-06T00:04:34","date_gmt":"2012-11-06T06:04:34","guid":{"rendered":"http:\/\/www.diarioimagen.net\/?p=110129"},"modified":"2012-11-06T02:20:01","modified_gmt":"2012-11-06T08:20:01","slug":"isem-pone-en-marcha-la-segunda-semana-nacional-de-salud-bucal","status":"publish","type":"post","link":"https:\/\/www.diarioimagen.net\/?p=110129","title":{"rendered":"ISEM pone en marcha la Segunda Semana Nacional de Salud Bucal"},"content":{"rendered":"<ul>\n<li><strong><em>Higiene, importante para prevenir enfermedades<\/em><\/strong><\/li>\n<\/ul>\n<div id=\"attachment_110189\" style=\"width: 250px\" class=\"wp-caption alignleft\"><a class=\"highslide\" onclick=\"return vz.expand(this)\" href=\"http:\/\/www.diarioimagen.net\/wp-content\/uploads\/2012\/11\/ISEM-1974.jpg\"><img loading=\"lazy\" decoding=\"async\" aria-describedby=\"caption-attachment-110189\" class=\"size-medium wp-image-110189\" title=\"ISEM-1974\" src=\"http:\/\/www.diarioimagen.net\/wp-content\/uploads\/2012\/11\/ISEM-1974-240x159.jpg\" alt=\"\" width=\"240\" height=\"159\" \/><\/a><p id=\"caption-attachment-110189\" class=\"wp-caption-text\">En Cuautitl\u00e1n, el secretario de Salud mexiquense, Gabriel O\u2019Shea, puso en marcha la Segunda Semana Nacional de Salud Bucal.<\/p><\/div>\n<p><strong>Cuautitl\u00e1n, Estado de M\u00e9xico<\/strong>.- Al poner en marcha de manera oficial la 2\u00aa Semana Nacional de Salud Bucal, en la cual se realizar\u00e1n actividades en favor de poco m\u00e1s de 2 millones de mexiquenses, el titular de Salud estatal, doctor Gabriel J. O\u2019Shea Cuevas, hizo un llamado a los mexiquenses para tomar medidas preventivas y proteger su salud, ante el descenso de temperatura que ya se registra en la entidad.<\/p>\n<p>Luego de invitar a los adultos mayores de 60 a\u00f1os y pap\u00e1s de ni\u00f1os menores de 5 a\u00f1os para que acudan al Centro de Salud m\u00e1s cercano y soliciten la aplicaci\u00f3n de la vacuna contra la Influenza, el tambi\u00e9n director general del Instituto de Salud del Estado de M\u00e9xico (ISEM) se\u00f1al\u00f3 que esta 2\u00aa Semana Nacional de Salud Bucal tiene el fin de promover la higiene y el cuidado buco-dental para poder prevenir enfermedades y alcanzar el estado de salud satisfactorio que todos buscamos.<\/p>\n<p>Acompa\u00f1ado por el edil de Cuautitl\u00e1n, Rafael Dorantes Paz, agreg\u00f3 que en el presente a\u00f1o se han atendido aproximadamente 420 mil piezas dentales con caries en todo el Estado de M\u00e9xico, por lo que en estos pr\u00f3ximos cinco d\u00edas se estar\u00e1n llevando a cabo un mill\u00f3n 304 mil acciones, dentro de las cuales se contemplan 33 mil 700 tratamientos odontol\u00f3gicos, extracciones, colocaci\u00f3n de amalgamas, resinas, ion\u00f3meros de vidrio y farmacoterapia, entre otras.<\/p>\n<p>Durante el evento se dio a conocer que la caries es el padecimiento m\u00e1s frecuente en todo el mundo y dijo que en M\u00e9xico y en el Estado de M\u00e9xico de cada 10 ni\u00f1os, 8 presentan caries y en adultos, 9 de cada 10 presentan caries.<\/p>\n<p>En cuanto a la vacunaci\u00f3n contra la Influenza, el doctor O\u2019Shea Cuevas, record\u00f3 que la entidad mexiquense cuenta con 3 millones 200 mil vacunas, la cual contiene las tres cepas, contra el virus H1N1, el virus H3N2 y el virus B.<\/p>\n<p>De igual forma recomend\u00f3 a la poblaci\u00f3n abrigarse bien, evitar los cambios bruscos de temperatura, ingerir muchos l\u00edquidos, c\u00edtricos y jugos, puntualizando que m\u00e1s vale prevenir que curar.<\/p>\n","protected":false},"excerpt":{"rendered":"<p>Al poner en marcha de manera oficial la 2\u00aa Semana Nacional de Salud Bucal, en la cual se realizar\u00e1n actividades en favor de poco m\u00e1s de 2 millones de mexiquenses, el titular de Salud estatal, doctor Gabriel J. O\u2019Shea Cuevas, hizo un llamado a los mexiquenses para tomar medidas preventivas y proteger su salud, ante el descenso de temperatura que ya se registra en la entidad.<\/p>\n","protected":false},"author":3,"featured_media":0,"comment_status":"open","ping_status":"open","sticky":false,"template":"","format":"standard","meta":{"_monsterinsights_skip_tracking":false,"_monsterinsights_sitenote_active":false,"_monsterinsights_sitenote_note":"","_monsterinsights_sitenote_category":0,"footnotes":""},"categories":[877],"tags":[681,43675],"class_list":["post-110129","post","type-post","status-publish","format-standard","hentry","category-salud","tag-cuautitlan","tag-estado-de-mexico"],"_links":{"self":[{"href":"https:\/\/www.diarioimagen.net\/index.php?rest_route=\/wp\/v2\/posts\/110129","targetHints":{"allow":["GET"]}}],"collection":[{"href":"https:\/\/www.diarioimagen.net\/index.php?rest_route=\/wp\/v2\/posts"}],"about":[{"href":"https:\/\/www.diarioimagen.net\/index.php?rest_route=\/wp\/v2\/types\/post"}],"author":[{"embeddable":true,"href":"https:\/\/www.diarioimagen.net\/index.php?rest_route=\/wp\/v2\/users\/3"}],"replies":[{"embeddable":true,"href":"https:\/\/www.diarioimagen.net\/index.php?rest_route=%2Fwp%2Fv2%2Fcomments&post=110129"}],"version-history":[{"count":0,"href":"https:\/\/www.diarioimagen.net\/index.php?rest_route=\/wp\/v2\/posts\/110129\/revisions"}],"wp:attachment":[{"href":"https:\/\/www.diarioimagen.net\/index.php?rest_route=%2Fwp%2Fv2%2Fmedia&parent=110129"}],"wp:term":[{"taxonomy":"category","embeddable":true,"href":"https:\/\/www.diarioimagen.net\/index.php?rest_route=%2Fwp%2Fv2%2Fcategories&post=110129"},{"taxonomy":"post_tag","embeddable":true,"href":"https:\/\/www.diarioimagen.net\/index.php?rest_route=%2Fwp%2Fv2%2Ftags&post=110129"}],"curies":[{"name":"wp","href":"https:\/\/api.w.org\/{rel}","templated":true}]}}