{"id":110239,"date":"2012-11-07T00:07:48","date_gmt":"2012-11-07T06:07:48","guid":{"rendered":"http:\/\/www.diarioimagen.net\/?p=110239"},"modified":"2012-11-07T04:01:30","modified_gmt":"2012-11-07T10:01:30","slug":"senado-de-la-republica-aprueba-la-ley-general-de-contabilidad-gubernamental","status":"publish","type":"post","link":"https:\/\/www.diarioimagen.net\/?p=110239","title":{"rendered":"Senado de la Rep\u00fablica aprueba la Ley General de Contabilidad Gubernamental"},"content":{"rendered":"<ul>\n<li><strong><em>Permitir\u00e1 transparentar y armonizar la informaci\u00f3n financiera relativa a la aplicaci\u00f3n de recursos p\u00fablicos en los tres \u00f3rdenes de gobierno<\/em><\/strong><\/li>\n<\/ul>\n<div id=\"attachment_110288\" style=\"width: 250px\" class=\"wp-caption alignleft\"><a class=\"highslide\" onclick=\"return vz.expand(this)\" href=\"http:\/\/www.diarioimagen.net\/wp-content\/uploads\/2012\/11\/senadores-1975.jpg\"><img loading=\"lazy\" decoding=\"async\" aria-describedby=\"caption-attachment-110288\" class=\"size-medium wp-image-110288\" title=\"senadores-1975\" src=\"http:\/\/www.diarioimagen.net\/wp-content\/uploads\/2012\/11\/senadores-1975-240x135.jpg\" alt=\"\" width=\"240\" height=\"135\" \/><\/a><p id=\"caption-attachment-110288\" class=\"wp-caption-text\">Momento hist\u00f3rico en que el Senado aprueba la primera iniciativa preferente: la Ley General de Contabilidad Gubernamental.<\/p><\/div>\n<p>Con 103 votos a favor y 5 en contra, el Senado aprob\u00f3 la iniciativa preferente del presidente Felipe Calder\u00f3n en materia de transparencia, al destacar que la Ley General de Contabilidad Gubernamental permitir\u00e1 transparentar y armonizar la informaci\u00f3n financiera relativa a la aplicaci\u00f3n de recursos p\u00fablicos en los distintos \u00f3rdenes de gobierno.<\/p>\n<p>Al hacer el c\u00f3mputo de los votos, y en medio de aplausos, el presidente del Senado y coordinador panista, Ernesto Cordero, dijo que \u201cesta presidencia desea destacar el cumplimiento de la importante responsabilidad que por primera vez ejerce el Congreso para dar resoluci\u00f3n a una iniciativa preferente, figura incorporada a partir de la reforma pol\u00edtica del 9 de agosto de 2012\u201d, tras lo cual remiti\u00f3 el decreto al Ejecutivo para su promulgaci\u00f3n.<\/p>\n<p>En la discusi\u00f3n, el Senado se centr\u00f3 solamente en los ocho art\u00edculos modificados por la C\u00e1mara de Diputados.<\/p>\n<p>El perredista Mario Delgado hizo notar que esta ley no va a detener el abuso en el endeudamiento de las entidades, pero resalt\u00f3 que mete control en la aplicaci\u00f3n de los recursos, transparenta la informaci\u00f3n del ramo 33 y permite vigilar los padrones sociales, \u201cadem\u00e1s del de los maestros para saber quienes tienen antig\u00fcedad, quienes est\u00e1n en comisi\u00f3n, entre otros avances\u201d.<\/p>\n<p>Dir\u00eda que hace falta muchos m\u00e1s para combatir a la corrupci\u00f3n, \u201cno vamos a cejar en este empe\u00f1o, vamos a seguir empujando las iniciativas para terminar con el gran c\u00e1ncer de la corrupci\u00f3n, pero creo que hoy el Senado da un avance importante y una muestra hacia afuera de que s\u00ed podemos llegar a acuerdos\u201d.<\/p>\n<p>El vicecoordinador panista Carlos Mendoza argument\u00f3 que no permitir\u00e1n para\u00edsos de impunidad generados por la opacidad, \u201cno habr\u00e1 a partir de hoy espacios para no abrir la administraci\u00f3n publica al escrutinio ciudadano, terminar\u00e1 hoy con nuestra voto la era de los pretextos\u201d.<\/p>\n<p>Resalt\u00f3 que esta es la primera iniciativa preferente que se aprueba y puntualiz\u00f3 que en el PAN esperan que esta ley sea el impulso para que la rendici\u00f3n de cuenta y el orden se conviertan en la pr\u00e1ctica cotidiana en el ejercicio de gobierno.<\/p>\n","protected":false},"excerpt":{"rendered":"<p>Con 103 votos a favor y 5 en contra, el Senado aprob\u00f3 la iniciativa preferente del presidente Felipe Calder\u00f3n en materia de transparencia, al destacar que la Ley General de Contabilidad Gubernamental permitir\u00e1 transparentar y armonizar la informaci\u00f3n financiera relativa a la aplicaci\u00f3n de recursos p\u00fablicos en los distintos \u00f3rdenes de gobierno.<\/p>\n","protected":false},"author":3,"featured_media":0,"comment_status":"open","ping_status":"open","sticky":false,"template":"","format":"standard","meta":{"_monsterinsights_skip_tracking":false,"_monsterinsights_sitenote_active":false,"_monsterinsights_sitenote_note":"","_monsterinsights_sitenote_category":0,"footnotes":""},"categories":[3],"tags":[24861,43673,116],"class_list":["post-110239","post","type-post","status-publish","format-standard","hentry","category-nacional","tag-ley-general-de-contabilidad-gubernamental","tag-nacional","tag-senado-de-la-republica"],"_links":{"self":[{"href":"https:\/\/www.diarioimagen.net\/index.php?rest_route=\/wp\/v2\/posts\/110239","targetHints":{"allow":["GET"]}}],"collection":[{"href":"https:\/\/www.diarioimagen.net\/index.php?rest_route=\/wp\/v2\/posts"}],"about":[{"href":"https:\/\/www.diarioimagen.net\/index.php?rest_route=\/wp\/v2\/types\/post"}],"author":[{"embeddable":true,"href":"https:\/\/www.diarioimagen.net\/index.php?rest_route=\/wp\/v2\/users\/3"}],"replies":[{"embeddable":true,"href":"https:\/\/www.diarioimagen.net\/index.php?rest_route=%2Fwp%2Fv2%2Fcomments&post=110239"}],"version-history":[{"count":0,"href":"https:\/\/www.diarioimagen.net\/index.php?rest_route=\/wp\/v2\/posts\/110239\/revisions"}],"wp:attachment":[{"href":"https:\/\/www.diarioimagen.net\/index.php?rest_route=%2Fwp%2Fv2%2Fmedia&parent=110239"}],"wp:term":[{"taxonomy":"category","embeddable":true,"href":"https:\/\/www.diarioimagen.net\/index.php?rest_route=%2Fwp%2Fv2%2Fcategories&post=110239"},{"taxonomy":"post_tag","embeddable":true,"href":"https:\/\/www.diarioimagen.net\/index.php?rest_route=%2Fwp%2Fv2%2Ftags&post=110239"}],"curies":[{"name":"wp","href":"https:\/\/api.w.org\/{rel}","templated":true}]}}