{"id":110241,"date":"2012-11-07T00:06:44","date_gmt":"2012-11-07T06:06:44","guid":{"rendered":"http:\/\/www.diarioimagen.net\/?p=110241"},"modified":"2012-11-07T04:02:33","modified_gmt":"2012-11-07T10:02:33","slug":"cordova-villalobos-listo-para-entrega-recepcion-de-la-sep","status":"publish","type":"post","link":"https:\/\/www.diarioimagen.net\/?p=110241","title":{"rendered":"C\u00f3rdova Villalobos, listo para entrega-recepci\u00f3n de la SEP"},"content":{"rendered":"<ul>\n<li><strong><em>Es una transici\u00f3n tersa, se\u00f1ala<\/em><\/strong><\/li>\n<\/ul>\n<div id=\"attachment_110292\" style=\"width: 250px\" class=\"wp-caption alignleft\"><a class=\"highslide\" onclick=\"return vz.expand(this)\" href=\"http:\/\/www.diarioimagen.net\/wp-content\/uploads\/2012\/11\/sep-1975.jpg\"><img loading=\"lazy\" decoding=\"async\" aria-describedby=\"caption-attachment-110292\" class=\"size-medium wp-image-110292\" title=\"sep-1975\" src=\"http:\/\/www.diarioimagen.net\/wp-content\/uploads\/2012\/11\/sep-1975-240x135.jpg\" alt=\"\" width=\"240\" height=\"135\" \/><\/a><p id=\"caption-attachment-110292\" class=\"wp-caption-text\">Jos\u00e9 \u00c1ngel C\u00f3rdova Villalobos, titular de la Secretar\u00eda de Educaci\u00f3n P\u00fablica, presidi\u00f3 ayer el Tercer Encuentro Nacional de Grupos Corales.<\/p><\/div>\n<p>A 26 d\u00edas de que concluya el sexenio del presidente Felipe Calder\u00f3n Hinojosa, la Secretar\u00eda de Educaci\u00f3n P\u00fablica (SEP) se encuentra lista para la entrega -de administraci\u00f3n-, afirm\u00f3 Jos\u00e9 \u00c1ngel C\u00f3rdova Villalobos, titular de esa dependencia.<\/p>\n<p>\u201cHa habido una tersa transici\u00f3n, de una gran cooperaci\u00f3n, de una entrega franca de cu\u00e1l es la situaci\u00f3n real de la educaci\u00f3n en el pa\u00eds, llevamos ya casi 14, van a ser 15 en total\u201d las reuniones con el equipo de transici\u00f3n del presidente electo, Enrique Pe\u00f1a Nieto, para tratar el tema educativo, coment\u00f3.<\/p>\n<p>Dijo que aunque es dif\u00edcil \u201cblindar\u201d, para el pr\u00f3ximo sexenio, los programas educativos exitosos, como Escuela Segura, Escuela de Educaci\u00f3n de Tiempo Completo, Educaci\u00f3n en Salud o Educaci\u00f3n Art\u00edstica de la presente administraci\u00f3n, es posible que se mantengan, aunque con otro nombre, por los resultados obtenidos.<\/p>\n<p>\u201cEs dif\u00edcil blindar cualquier tipo de programa extra que no est\u00e9 dentro de la estructura t\u00e9cnica b\u00e1sica, porque puede venir otra opini\u00f3n para reforzarla de otra manera\u201d, dijo el funcionario federal al t\u00e9rmino del Tercer Encuentro Nacional de Grupos Corales.<\/p>\n<p>Sin embargo, agreg\u00f3, \u201ccomo lo hemos expresado al equipo de transici\u00f3n, siendo un problema importante que tenemos que seguir trabajando por la seguridad de M\u00e9xico y como esto ha tenido buenos resultados \u2013Programa de Escuela Segura- ellos tendr\u00e1n que evaluar\u201d.<\/p>\n<p>En ese sentido, C\u00f3rdova Villalobos opin\u00f3 que \u201cel mejor blindaje son los resultados que se est\u00e1n dando, a la mejor se pueden cambiar de nombre, pero hay muchas cosas que han caminadlo muy bien, que han sido \u00fatiles y que consideramos deben continuar, -aunque- finalmente ser\u00e1n otros los lo que lo decidan\u201d.<\/p>\n","protected":false},"excerpt":{"rendered":"<p>A 26 d\u00edas de que concluya el sexenio del presidente Felipe Calder\u00f3n Hinojosa, la Secretar\u00eda de Educaci\u00f3n P\u00fablica (SEP) se encuentra lista para la entrega -de administraci\u00f3n-, afirm\u00f3 Jos\u00e9 \u00c1ngel C\u00f3rdova Villalobos, titular de esa dependencia.<\/p>\n","protected":false},"author":3,"featured_media":0,"comment_status":"open","ping_status":"open","sticky":false,"template":"","format":"standard","meta":{"_monsterinsights_skip_tracking":false,"_monsterinsights_sitenote_active":false,"_monsterinsights_sitenote_note":"","_monsterinsights_sitenote_category":0,"footnotes":""},"categories":[3],"tags":[430,43673,459],"class_list":["post-110241","post","type-post","status-publish","format-standard","hentry","category-nacional","tag-jose-angel-cordova-villalobos","tag-nacional","tag-sep"],"_links":{"self":[{"href":"https:\/\/www.diarioimagen.net\/index.php?rest_route=\/wp\/v2\/posts\/110241","targetHints":{"allow":["GET"]}}],"collection":[{"href":"https:\/\/www.diarioimagen.net\/index.php?rest_route=\/wp\/v2\/posts"}],"about":[{"href":"https:\/\/www.diarioimagen.net\/index.php?rest_route=\/wp\/v2\/types\/post"}],"author":[{"embeddable":true,"href":"https:\/\/www.diarioimagen.net\/index.php?rest_route=\/wp\/v2\/users\/3"}],"replies":[{"embeddable":true,"href":"https:\/\/www.diarioimagen.net\/index.php?rest_route=%2Fwp%2Fv2%2Fcomments&post=110241"}],"version-history":[{"count":0,"href":"https:\/\/www.diarioimagen.net\/index.php?rest_route=\/wp\/v2\/posts\/110241\/revisions"}],"wp:attachment":[{"href":"https:\/\/www.diarioimagen.net\/index.php?rest_route=%2Fwp%2Fv2%2Fmedia&parent=110241"}],"wp:term":[{"taxonomy":"category","embeddable":true,"href":"https:\/\/www.diarioimagen.net\/index.php?rest_route=%2Fwp%2Fv2%2Fcategories&post=110241"},{"taxonomy":"post_tag","embeddable":true,"href":"https:\/\/www.diarioimagen.net\/index.php?rest_route=%2Fwp%2Fv2%2Ftags&post=110241"}],"curies":[{"name":"wp","href":"https:\/\/api.w.org\/{rel}","templated":true}]}}