{"id":110295,"date":"2012-11-07T00:01:49","date_gmt":"2012-11-07T06:01:49","guid":{"rendered":"http:\/\/www.diarioimagen.net\/?p=110295"},"modified":"2012-11-07T04:17:21","modified_gmt":"2012-11-07T10:17:21","slug":"naucalpan-puso-en-marcha-la-semana-de-salud-bucal","status":"publish","type":"post","link":"https:\/\/www.diarioimagen.net\/?p=110295","title":{"rendered":"Naucalpan puso en marcha la Semana de Salud Bucal"},"content":{"rendered":"<ul>\n<li><strong><em>Realizan 150 mil acciones<\/em><\/strong><\/li>\n<\/ul>\n<p><strong><a class=\"highslide\" onclick=\"return vz.expand(this)\" href=\"http:\/\/www.diarioimagen.net\/wp-content\/uploads\/2012\/11\/Naucalpan-1975.jpg\"><img loading=\"lazy\" decoding=\"async\" class=\"alignleft size-medium wp-image-110319\" style=\"margin-right: 9px; margin-bottom: 9px;\" title=\"Naucalpan-1975\" src=\"http:\/\/www.diarioimagen.net\/wp-content\/uploads\/2012\/11\/Naucalpan-1975-240x159.jpg\" alt=\"\" width=\"240\" height=\"159\" \/><\/a>Naucalpan, Estado de M\u00e9xico<\/strong>.- Al poner en marcha la Segunda Semana Nacional de Salud Bucal, la presidenta municipal de Naucalpan, Azucena Olivares, se\u00f1al\u00f3 que la tercera causa por la que los naucalpenses acuden a un consultorio es por problemas relacionados con enfermedades bucales, por lo que el gobierno local hace importantes esfuerzos por atender y prevenir este tipo de padecimientos.<\/p>\n<p>\u201cEl gobierno municipal ha puesto especial \u00e9nfasis en atender a los naucalpenses que sufren de alg\u00fan malestar en la boca, pero sobre todo hemos creado una cultura de la prevenci\u00f3n, ya que desde temprana edad\u00a0 se instruye a los peque\u00f1os para que tengan h\u00e1bitos de higiene bucal adecuados\u201d, recalc\u00f3.<\/p>\n<p>Acompa\u00f1ada por la diputada federal, Irazema Gonz\u00e1lez, por el jefe de la Jurisdicci\u00f3n Sanitaria en Naucalpan, Felipe Corzo Ni\u00f1o,\u00a0 as\u00ed como por las directoras de Salud y del DIF Municipal, Norma Su\u00e1rez y Lidia Arenas, respectivamente, la alcaldesa enfatiz\u00f3 que \u201csi desde ni\u00f1os se les instruye sobre la importancia de tener dientes y enc\u00edas sanas, ellos ser\u00e1n adultos que cuiden su boca\u201d.<\/p>\n<p>\u201cNosotros queremos que ni\u00f1os, adultos y personas de la tercera edad tengan su boca en buen estado, por eso llevamos m\u00e1s de 150 mil acciones para prevenir enfermedades bucales entre\u00a0 la poblaci\u00f3n, algunas de \u00e9stas son la aplicaciones de fl\u00faor, adem\u00e1s de entregar cepillos de dientes y ense\u00f1ar a los naucalpenses como cepillarse correctamente los dientes y usar el hilo dental\u201d.<\/p>\n","protected":false},"excerpt":{"rendered":"<p>Al poner en marcha la Segunda Semana Nacional de Salud Bucal, la presidenta municipal de Naucalpan, Azucena Olivares, se\u00f1al\u00f3 que la tercera causa por la que los naucalpenses acuden a un consultorio es por problemas relacionados con enfermedades bucales, por lo que el gobierno local hace importantes esfuerzos por atender y prevenir este tipo de padecimientos.<\/p>\n","protected":false},"author":3,"featured_media":0,"comment_status":"open","ping_status":"open","sticky":false,"template":"","format":"standard","meta":{"_monsterinsights_skip_tracking":false,"_monsterinsights_sitenote_active":false,"_monsterinsights_sitenote_note":"","_monsterinsights_sitenote_category":0,"footnotes":""},"categories":[18863],"tags":[2954,43675,970],"class_list":["post-110295","post","type-post","status-publish","format-standard","hentry","category-salud-edomex","tag-dif","tag-estado-de-mexico","tag-naucalpan"],"_links":{"self":[{"href":"https:\/\/www.diarioimagen.net\/index.php?rest_route=\/wp\/v2\/posts\/110295","targetHints":{"allow":["GET"]}}],"collection":[{"href":"https:\/\/www.diarioimagen.net\/index.php?rest_route=\/wp\/v2\/posts"}],"about":[{"href":"https:\/\/www.diarioimagen.net\/index.php?rest_route=\/wp\/v2\/types\/post"}],"author":[{"embeddable":true,"href":"https:\/\/www.diarioimagen.net\/index.php?rest_route=\/wp\/v2\/users\/3"}],"replies":[{"embeddable":true,"href":"https:\/\/www.diarioimagen.net\/index.php?rest_route=%2Fwp%2Fv2%2Fcomments&post=110295"}],"version-history":[{"count":0,"href":"https:\/\/www.diarioimagen.net\/index.php?rest_route=\/wp\/v2\/posts\/110295\/revisions"}],"wp:attachment":[{"href":"https:\/\/www.diarioimagen.net\/index.php?rest_route=%2Fwp%2Fv2%2Fmedia&parent=110295"}],"wp:term":[{"taxonomy":"category","embeddable":true,"href":"https:\/\/www.diarioimagen.net\/index.php?rest_route=%2Fwp%2Fv2%2Fcategories&post=110295"},{"taxonomy":"post_tag","embeddable":true,"href":"https:\/\/www.diarioimagen.net\/index.php?rest_route=%2Fwp%2Fv2%2Ftags&post=110295"}],"curies":[{"name":"wp","href":"https:\/\/api.w.org\/{rel}","templated":true}]}}