{"id":110357,"date":"2012-11-08T00:09:38","date_gmt":"2012-11-08T06:09:38","guid":{"rendered":"http:\/\/www.diarioimagen.net\/?p=110357"},"modified":"2012-11-08T04:52:58","modified_gmt":"2012-11-08T10:52:58","slug":"edomex-garantiza-impulso-a-empresas-que-generan-empleo","status":"publish","type":"post","link":"https:\/\/www.diarioimagen.net\/?p=110357","title":{"rendered":"Edomex garantiza impulso a empresas que generan empleo"},"content":{"rendered":"<ul>\n<li><strong><em>El gobernador visit\u00f3 la planta Roche-M\u00e9xico, donde reiter\u00f3 su compromiso de fomentar la apertura de m\u00e1s industrias<\/em><\/strong><\/li>\n<\/ul>\n<div id=\"attachment_110469\" style=\"width: 250px\" class=\"wp-caption alignleft\"><a class=\"highslide\" onclick=\"return vz.expand(this)\" href=\"http:\/\/www.diarioimagen.net\/wp-content\/uploads\/2012\/11\/eruviel-1976.jpg\"><img loading=\"lazy\" decoding=\"async\" aria-describedby=\"caption-attachment-110469\" class=\"size-medium wp-image-110469\" title=\"eruviel-1976\" src=\"http:\/\/www.diarioimagen.net\/wp-content\/uploads\/2012\/11\/eruviel-1976-240x135.jpg\" alt=\"\" width=\"240\" height=\"135\" \/><\/a><p id=\"caption-attachment-110469\" class=\"wp-caption-text\">El gobernador Eruviel \u00c1vila Villegas realiz\u00f3 un recorrido por el Centro de Excelencia en Manufactura Farmac\u00e9utica de Roche de M\u00e9xico, donde se reuni\u00f3 con directivos y empleados de esta compa\u00f1\u00eda, a quienes reiter\u00f3 el compromiso de su administraci\u00f3n para seguir con el impulso de acciones, como la mejora regulatoria, para la apertura y crecimiento de empresas que generen em\u00adpleos en la entidad.<\/p><\/div>\n<p><strong>Toluca, Estado de M\u00e9xico<\/strong>.- El gobernador Eruviel \u00c1vila Villegas realiz\u00f3 un recorrido por la planta Roche de M\u00e9xico, en la que se reuni\u00f3 con directivos y empleados de esta compa\u00f1\u00eda, l\u00edder mundial en la producci\u00f3n de f\u00e1rmacos, ante quienes reiter\u00f3 el compromiso de la administraci\u00f3n estatal de seguir impulsando acciones, como la mejora regulatoria, para la apertura y crecimiento de empresas que generen empleos y contribuyen a mejorar la calidad de vida de los mexiquenses.<\/p>\n<p>\u201cEn el gobierno del Estado de M\u00e9xico seguiremos impulsando el desarrollo industrial y empresarial. Le apostamos a que tengamos m\u00e1s inversiones y empleos. Que las empresas como Roche sigan creciendo y desde luego, tambi\u00e9n agradecerles porque hacen mucho bien con la investigaci\u00f3n para poder combatir varios tipos de enfermedades\u201d, expres\u00f3.<\/p>\n<p>Cabe destacar que, de acuerdo con el estudio Doing Business del Banco Mundial, el Estado de M\u00e9xico fue la entidad que present\u00f3 la mejora regulatoria m\u00e1s sobresaliente para la apertura de negocios en todo el pa\u00eds, al escalar 10 posiciones, de 2009 a la fecha, pasando del lugar 28 al 18.<\/p>\n<p>Acompa\u00f1ado por el secretario de Desarrollo Econ\u00f3mico, Adri\u00e1n Fuentes Villalobos, y por el director general de Roche-M\u00e9xico, Andr\u00e9s Bruzual, el titular del Ejecutivo estatal indic\u00f3 que empresas como Roche son a las que hay que impulsar para que sigan creciendo, pues sus investigaciones enfocadas en combatir diversos tipos de enfermedades como el c\u00e1ncer, son grandes contribuciones para la sociedad.<\/p>\n<p>Eruviel \u00c1vila asegur\u00f3 que la planta global Roche-M\u00e9xico, ubicada en la capital, es un orgullo para el Estado de M\u00e9xico, ya que ah\u00ed se producen medicamentos que se exportan a Estados Unidos, as\u00ed como algunas naciones de Europa y de Am\u00e9rica Latina.<\/p>\n<p>Por su parte, Andr\u00e9s Bruzual agradeci\u00f3 el apoyo brindado por la actual administraci\u00f3n, y reiter\u00f3 su confianza para continuar desarrollando los proyectos de esta compa\u00f1\u00eda en la entidad.<\/p>\n","protected":false},"excerpt":{"rendered":"<p>El gobernador Eruviel \u00c1vila Villegas realiz\u00f3 un recorrido por la planta Roche de M\u00e9xico, en la que se reuni\u00f3 con directivos y empleados de esta compa\u00f1\u00eda, l\u00edder mundial en la producci\u00f3n de f\u00e1rmacos, ante quienes reiter\u00f3 el compromiso de la administraci\u00f3n estatal de seguir impulsando acciones, como la mejora regulatoria, para la apertura y crecimiento de empresas que generen empleos y contribuyen a mejorar la calidad de vida de los mexiquenses.<\/p>\n","protected":false},"author":3,"featured_media":0,"comment_status":"open","ping_status":"open","sticky":false,"template":"","format":"standard","meta":{"_monsterinsights_skip_tracking":false,"_monsterinsights_sitenote_active":false,"_monsterinsights_sitenote_note":"","_monsterinsights_sitenote_category":0,"footnotes":""},"categories":[5],"tags":[147,5828,43675,452],"class_list":["post-110357","post","type-post","status-publish","format-standard","hentry","category-estado-de-mexico","tag-desarrollo-economico","tag-eruviel-avila-villegas","tag-estado-de-mexico","tag-toluca"],"_links":{"self":[{"href":"https:\/\/www.diarioimagen.net\/index.php?rest_route=\/wp\/v2\/posts\/110357","targetHints":{"allow":["GET"]}}],"collection":[{"href":"https:\/\/www.diarioimagen.net\/index.php?rest_route=\/wp\/v2\/posts"}],"about":[{"href":"https:\/\/www.diarioimagen.net\/index.php?rest_route=\/wp\/v2\/types\/post"}],"author":[{"embeddable":true,"href":"https:\/\/www.diarioimagen.net\/index.php?rest_route=\/wp\/v2\/users\/3"}],"replies":[{"embeddable":true,"href":"https:\/\/www.diarioimagen.net\/index.php?rest_route=%2Fwp%2Fv2%2Fcomments&post=110357"}],"version-history":[{"count":0,"href":"https:\/\/www.diarioimagen.net\/index.php?rest_route=\/wp\/v2\/posts\/110357\/revisions"}],"wp:attachment":[{"href":"https:\/\/www.diarioimagen.net\/index.php?rest_route=%2Fwp%2Fv2%2Fmedia&parent=110357"}],"wp:term":[{"taxonomy":"category","embeddable":true,"href":"https:\/\/www.diarioimagen.net\/index.php?rest_route=%2Fwp%2Fv2%2Fcategories&post=110357"},{"taxonomy":"post_tag","embeddable":true,"href":"https:\/\/www.diarioimagen.net\/index.php?rest_route=%2Fwp%2Fv2%2Ftags&post=110357"}],"curies":[{"name":"wp","href":"https:\/\/api.w.org\/{rel}","templated":true}]}}