{"id":110409,"date":"2012-11-08T00:04:05","date_gmt":"2012-11-08T06:04:05","guid":{"rendered":"http:\/\/www.diarioimagen.net\/?p=110409"},"modified":"2012-11-10T00:58:30","modified_gmt":"2012-11-10T06:58:30","slug":"pena-nieto-senala-que-mexico-estara-en-la-frecuencia-del-exito","status":"publish","type":"post","link":"https:\/\/www.diarioimagen.net\/?p=110409","title":{"rendered":"Pe\u00f1a Nieto se\u00f1ala que M\u00e9xico estar\u00e1 en \u201cla frecuencia del \u00e9xito\u201d"},"content":{"rendered":"<ul>\n<li><strong><em>Afirma que el pa\u00eds deber\u00e1 enviar se\u00f1ales claras que no permanecer\u00e1 inm\u00f3vil ni pasivo, sino que tendr\u00e1 cambios y transformaci\u00f3n continuas<\/em><\/strong><\/li>\n<\/ul>\n<div id=\"attachment_110436\" style=\"width: 250px\" class=\"wp-caption alignleft\"><a class=\"highslide\" onclick=\"return vz.expand(this)\" href=\"http:\/\/www.diarioimagen.net\/wp-content\/uploads\/2012\/11\/epn-1976.jpg\"><img loading=\"lazy\" decoding=\"async\" aria-describedby=\"caption-attachment-110436\" class=\"size-medium wp-image-110436\" title=\"epn-1976\" src=\"http:\/\/www.diarioimagen.net\/wp-content\/uploads\/2012\/11\/epn-1976-240x135.jpg\" alt=\"\" width=\"240\" height=\"135\" \/><\/a><p id=\"caption-attachment-110436\" class=\"wp-caption-text\">Enrique Pe\u00f1a Nieto, presidente electo de M\u00e9xico, concurri\u00f3 a la 54 Semana Nacional de la Radio y la Televisi\u00f3n.<\/p><\/div>\n<p>El presidente electo, Enrique Pe\u00f1a Nieto, advirti\u00f3 que M\u00e9xico debe enviar se\u00f1ales claras a los mexicanos y al extranjero de que no permanecer\u00e1 inm\u00f3vil ni pasivo, sino que est\u00e1 a favor del cambio y la transformaci\u00f3n, y se comprometi\u00f3 a \u201cque todo M\u00e9xico est\u00e9 en la misma frecuencia, la frecuencia del \u00e9xito\u201d.<\/p>\n<p>Al participar en la 54 semana de la CIRT, Pe\u00f1a Nieto asegur\u00f3 que su administraci\u00f3n ampliar\u00e1 la certidumbre a todos los concesionarios, que una concesi\u00f3n no dependa m\u00e1s de intereses pol\u00edticos, sino exclusivamente del Estado de derecho.<\/p>\n<p>Ante los industriales de la radio y televisi\u00f3n, el pol\u00edtico mexiquense ratific\u00f3 que respetar\u00e1 las libertades de pensamiento y expresi\u00f3n, \u201cya que son derechos fundamentales y parte esencial del r\u00e9gimen democr\u00e1tico\u201d.<\/p>\n<p>\u201cEl Estado mexicano debe ser un regulador eficaz, objetivo e imparcialidad y facilitador del desarrollo de las comunicaciones\u201d, subray\u00f3 el pri\u00edsta.<\/p>\n<p>Pe\u00f1a Nieto expres\u00f3 que el prop\u00f3sito de su gobierno ser\u00e1 garantizar condiciones que eleven la calidad de vida de las familias, para lo cual har\u00e1 de la competencia econ\u00f3mica en todos los sectores una pol\u00edtica permanente del Estado mexicano.<\/p>\n<p>\u201cEn el caso de la radio y la televisi\u00f3n la competencia beneficia a las audiencias, con una mayor cobertura, calidad y diversidad de contenidos\u201d, puntualiz\u00f3. El ex gobernador del Estado de M\u00e9xico sostuvo que la competencia tambi\u00e9n propicia la modernidad del sector.<\/p>\n<p>\u201cEn la actualidad, la era digital define la agenda en comunicaciones. Estoy convencido de que es momento, de dejar atr\u00e1s resistencias, romper con paradigmas, y de ponernos al d\u00eda en favor de la modernizaci\u00f3n del pa\u00eds\u201d, enfatiz\u00f3.<\/p>\n<p>El pri\u00edsta adelant\u00f3 que impulsar\u00e1 la modernizaci\u00f3n del sector con acciones conjuntas entre la industria y el gobierno.<\/p>\n<p>\u201cTenemos entre la sociedad mexicana un ambiente propicio para las transformaciones. Hay un clima compartido entre la gran mayor\u00eda de los mexicanos que quieren realmente ver y atestiguar de las transformaciones que M\u00e9xico necesita\u201d.<\/p>\n<p>El pol\u00edtico mexiquense resalt\u00f3 el gran potencial de M\u00e9xico y asegur\u00f3 que es posible dar ese paso cualitativo que el pa\u00eds necesita, pero que demanda y exige la participaci\u00f3n de todos los sectores de la sociedad.<\/p>\n<p>Refrend\u00f3 que el gobierno que habr\u00e1 de encabezar ser\u00e1 sensible a las demandas de la sociedad, dispuesto a mantener un di\u00e1logo permanente con la representaci\u00f3n de todos los sectores sociales y que haya claridad sobre cuales eran las grandes metas. El Presidente electo agradeci\u00f3 a los empresarios de los medios de comunicaci\u00f3n por las expresiones de solidaridad, respaldo y apoyo que desde hoy le hacen.<\/p>\n<p>\u201cEst\u00e1 por iniciar un nuevo periodo de gobierno, el cual debemos de ver como la oportunidad de trascender una nueva etapa y lograr mayor prosperidad para todos\u201d.<\/p>\n<p>M\u00e9xico, consider\u00f3, debe enviar se\u00f1ales muy claras \u201chacia los propios mexicanos y al mundo entero de que aqu\u00ed, en este pa\u00eds, nos estamos moviendo, de que no habremos de permanecer\u00a0 inm\u00f3viles y pasivos estamos decididos a movernos todos a favor del cambio y la transformaci\u00f3n\u201d.<\/p>\n<p>\u201cEn favor de detonar el potencial que M\u00e9xico tiene para convertirse en una gran potencia emergente. Es momento de aprovechar este espacio de oportunidad, el \u00e1nimo social hoy est\u00e1 en la gran mayor\u00eda de los mexicanos para crecer y triunfar\u201d, declar\u00f3.<\/p>\n<p>Enrique Pe\u00f1a Nieto llam\u00f3 a romper con el paradigma de que las buenas noticias no son noticia, pues es momento de abrir espacio \u201cpara lograr la transformaci\u00f3n, al \u00e9xito de los mexicanos\u201d. Mencion\u00f3 que la radio y la televisi\u00f3n cumplen importantes funciones sociales y abund\u00f3 que el trabajo cotidiano que realizan es el mejor ejemplo del M\u00e9xico plural, cr\u00edtico, democr\u00e1tico y participativo que tenemos en estos momentos.<\/p>\n","protected":false},"excerpt":{"rendered":"<p>El presidente electo, Enrique Pe\u00f1a Nieto, advirti\u00f3 que M\u00e9xico debe enviar se\u00f1ales claras a los mexicanos y al extranjero de que no permanecer\u00e1 inm\u00f3vil ni pasivo, sino que est\u00e1 a favor del cambio y la transformaci\u00f3n, y se comprometi\u00f3 a \u201cque todo M\u00e9xico est\u00e9 en la misma frecuencia, la frecuencia del \u00e9xito\u201d.<\/p>\n","protected":false},"author":3,"featured_media":0,"comment_status":"open","ping_status":"open","sticky":false,"template":"","format":"standard","meta":{"_monsterinsights_skip_tracking":false,"_monsterinsights_sitenote_active":false,"_monsterinsights_sitenote_note":"","_monsterinsights_sitenote_category":0,"footnotes":""},"categories":[17,3],"tags":[20484,18,44,43673],"class_list":["post-110409","post","type-post","status-publish","format-standard","hentry","category-especiales","category-nacional","tag-cirt","tag-enrique-pena-nieto","tag-mexico","tag-nacional"],"_links":{"self":[{"href":"https:\/\/www.diarioimagen.net\/index.php?rest_route=\/wp\/v2\/posts\/110409","targetHints":{"allow":["GET"]}}],"collection":[{"href":"https:\/\/www.diarioimagen.net\/index.php?rest_route=\/wp\/v2\/posts"}],"about":[{"href":"https:\/\/www.diarioimagen.net\/index.php?rest_route=\/wp\/v2\/types\/post"}],"author":[{"embeddable":true,"href":"https:\/\/www.diarioimagen.net\/index.php?rest_route=\/wp\/v2\/users\/3"}],"replies":[{"embeddable":true,"href":"https:\/\/www.diarioimagen.net\/index.php?rest_route=%2Fwp%2Fv2%2Fcomments&post=110409"}],"version-history":[{"count":0,"href":"https:\/\/www.diarioimagen.net\/index.php?rest_route=\/wp\/v2\/posts\/110409\/revisions"}],"wp:attachment":[{"href":"https:\/\/www.diarioimagen.net\/index.php?rest_route=%2Fwp%2Fv2%2Fmedia&parent=110409"}],"wp:term":[{"taxonomy":"category","embeddable":true,"href":"https:\/\/www.diarioimagen.net\/index.php?rest_route=%2Fwp%2Fv2%2Fcategories&post=110409"},{"taxonomy":"post_tag","embeddable":true,"href":"https:\/\/www.diarioimagen.net\/index.php?rest_route=%2Fwp%2Fv2%2Ftags&post=110409"}],"curies":[{"name":"wp","href":"https:\/\/api.w.org\/{rel}","templated":true}]}}