{"id":110424,"date":"2012-11-08T00:06:35","date_gmt":"2012-11-08T06:06:35","guid":{"rendered":"http:\/\/www.diarioimagen.net\/?p=110424"},"modified":"2012-11-08T04:56:25","modified_gmt":"2012-11-08T10:56:25","slug":"pgr-inauguro-ayer-su-centro-medico-forense","status":"publish","type":"post","link":"https:\/\/www.diarioimagen.net\/?p=110424","title":{"rendered":"PGR inaugur\u00f3 ayer su Centro M\u00e9dico Forense"},"content":{"rendered":"<ul>\n<li><strong><em>Cuenta con tecnolog\u00eda de punta que permitir\u00e1 aplicar disciplinas\u00a0 de investigaci\u00f3n criminal\u00edstica vinculadas al manejo cient\u00edfico del cad\u00e1ver<\/em><\/strong><\/li>\n<\/ul>\n<div id=\"attachment_110481\" style=\"width: 250px\" class=\"wp-caption alignleft\"><a class=\"highslide\" onclick=\"return vz.expand(this)\" href=\"http:\/\/www.diarioimagen.net\/wp-content\/uploads\/2012\/11\/PGR-1976.jpg\"><img loading=\"lazy\" decoding=\"async\" aria-describedby=\"caption-attachment-110481\" class=\"size-medium wp-image-110481\" title=\"PGR-1976\" src=\"http:\/\/www.diarioimagen.net\/wp-content\/uploads\/2012\/11\/PGR-1976-240x135.jpg\" alt=\"\" width=\"240\" height=\"135\" \/><\/a><p id=\"caption-attachment-110481\" class=\"wp-caption-text\">La procuradora Marisela Morales inaugur\u00f3 ayer el Centro M\u00e9dico Forense, donde se desplegar\u00e1 una amplia gama de servicios interdisciplinarios periciales.<\/p><\/div>\n<p>Por primera vez, la Procuradur\u00eda General de la Rep\u00fablica contar\u00e1 con un Centro M\u00e9dico Forense (Cemefo) para llevar a cabo la realizaci\u00f3n de necropsias por investigaciones de tipo federal, como lo es la identificaci\u00f3n de capos del narcotr\u00e1fico y de delincuencia organizada.<\/p>\n<p>La procuradora, Marisela Morales, dijo que el Cemefo contar\u00e1 con el equipo necesario para aplicar disciplinas de investigaci\u00f3n criminal\u00edsticas vinculadas al manejo cient\u00edfico del cad\u00e1ver, a fin de obtener las evidencias necesarias para realizaci\u00f3n de investigaciones ministeriales.<\/p>\n<p>\u201cCuenta con un \u00e1rea de identificaci\u00f3n donde intervendr\u00e1n equipos multidisciplinarios conformados por odont\u00f3logos, antrop\u00f3logos, genetistas, fot\u00f3grafos y dactilopistas para establecer la correcta identidad de los cad\u00e1veres y garantizar la entrega a sus familiares\u201d.<\/p>\n<p>El Cemefo contar\u00e1 con un programa para la identificaci\u00f3n de cad\u00e1veres y restos humanos del cual se suministrar\u00e1 una base de datos a nivel nacional para la b\u00fasqueda r\u00e1pida y eficiente\u00a0 para personas desaparecidas.<\/p>\n<p>El nuevo Cemefo garantizara que en aquellos casos que tengan que analizarse las causas de la muerte de una persona y su identificaci\u00f3n, se conserve la llamada cadena de custodia y se eviten casos como el ocurrido con el narcotraficante Heriberto Lazcano.<\/p>\n<p>\u201cTendr\u00e1 un \u00e1rea de recepci\u00f3n de cad\u00e1veres y c\u00e1maras de conservaci\u00f3n con una capacidad de 150 cuerpos , cuenta con tres areas de trabajo para las necropsias dos de ellas con cuatro estaciones de operaci\u00f3n, tendr\u00e1 integrado un laboratorio de histopatologia para realizar el estudio microsc\u00f3pico, de los \u00f3rganos y tejidos a fin de establecer los factores que pudieron incidir en la muerte\u201d.<\/p>\n","protected":false},"excerpt":{"rendered":"<p>Por primera vez, la Procuradur\u00eda General de la Rep\u00fablica contar\u00e1 con un Centro M\u00e9dico Forense (Cemefo) para llevar a cabo la realizaci\u00f3n de necropsias por investigaciones de tipo federal, como lo es la identificaci\u00f3n de capos del narcotr\u00e1fico y de delincuencia organizada.<\/p>\n","protected":false},"author":3,"featured_media":0,"comment_status":"open","ping_status":"open","sticky":false,"template":"","format":"standard","meta":{"_monsterinsights_skip_tracking":false,"_monsterinsights_sitenote_active":false,"_monsterinsights_sitenote_note":"","_monsterinsights_sitenote_category":0,"footnotes":""},"categories":[3],"tags":[43673],"class_list":["post-110424","post","type-post","status-publish","format-standard","hentry","category-nacional","tag-nacional"],"_links":{"self":[{"href":"https:\/\/www.diarioimagen.net\/index.php?rest_route=\/wp\/v2\/posts\/110424","targetHints":{"allow":["GET"]}}],"collection":[{"href":"https:\/\/www.diarioimagen.net\/index.php?rest_route=\/wp\/v2\/posts"}],"about":[{"href":"https:\/\/www.diarioimagen.net\/index.php?rest_route=\/wp\/v2\/types\/post"}],"author":[{"embeddable":true,"href":"https:\/\/www.diarioimagen.net\/index.php?rest_route=\/wp\/v2\/users\/3"}],"replies":[{"embeddable":true,"href":"https:\/\/www.diarioimagen.net\/index.php?rest_route=%2Fwp%2Fv2%2Fcomments&post=110424"}],"version-history":[{"count":0,"href":"https:\/\/www.diarioimagen.net\/index.php?rest_route=\/wp\/v2\/posts\/110424\/revisions"}],"wp:attachment":[{"href":"https:\/\/www.diarioimagen.net\/index.php?rest_route=%2Fwp%2Fv2%2Fmedia&parent=110424"}],"wp:term":[{"taxonomy":"category","embeddable":true,"href":"https:\/\/www.diarioimagen.net\/index.php?rest_route=%2Fwp%2Fv2%2Fcategories&post=110424"},{"taxonomy":"post_tag","embeddable":true,"href":"https:\/\/www.diarioimagen.net\/index.php?rest_route=%2Fwp%2Fv2%2Ftags&post=110424"}],"curies":[{"name":"wp","href":"https:\/\/api.w.org\/{rel}","templated":true}]}}