{"id":110432,"date":"2012-11-08T00:00:16","date_gmt":"2012-11-08T06:00:16","guid":{"rendered":"http:\/\/www.diarioimagen.net\/?p=110432"},"modified":"2012-11-08T05:02:35","modified_gmt":"2012-11-08T11:02:35","slug":"heroes-reales-en-un-documental-de-nat-geo","status":"publish","type":"post","link":"https:\/\/www.diarioimagen.net\/?p=110432","title":{"rendered":"H\u00e9roes reales en un documental de Nat Geo"},"content":{"rendered":"<h2>C\u00e1psulas de la salud<\/h2>\n<h5>Elsa Rodr\u00edguez Osorio<\/h5>\n<p>&nbsp;<\/p>\n<ul>\n<li><strong><em>84 mil decesos al a\u00f1o por diabetes<\/em><\/strong><\/li>\n<li><strong><em>Alimentar bien a los ni\u00f1os evita una mala salud<\/em><\/strong><\/li>\n<\/ul>\n<p><a class=\"highslide\" onclick=\"return vz.expand(this)\" href=\"http:\/\/www.diarioimagen.net\/wp-content\/uploads\/2012\/11\/nat-geo-1976.jpg\"><img loading=\"lazy\" decoding=\"async\" class=\"alignleft size-medium wp-image-110489\" style=\"margin-right: 9px; margin-bottom: 9px;\" title=\"nat-geo-1976\" src=\"http:\/\/www.diarioimagen.net\/wp-content\/uploads\/2012\/11\/nat-geo-1976-240x199.jpg\" alt=\"\" width=\"240\" height=\"199\" \/><\/a>National Geographic Channel junto a Coca-Cola\u00a0 anuncian el estreno de la nueva serie documental: \u201cViviendo Positivamente\u201d que llega a la pantalla de Nat Geo en Am\u00e9rica Latina.<\/p>\n<p>El documental lleva al espectador a trav\u00e9s de 40 mil kil\u00f3metros, en 5 pa\u00edses, y cuenta 8 historias en cuatro episodios que reflejan las vivencias de h\u00e9roes reales, personas que han enfrentado y superado grandes retos sociales, ambientales y econ\u00f3micos, que impactan e inspiran a sus comunidades y al mundo el martes 6 de Noviembre a las 20:10 horas.<\/p>\n<p>Nat Geo retrata la historia del mexicano Salvador Casta\u00f1eda dirigido por Carlos Carrera, quien la educaci\u00f3n cambi\u00f3 radicalmente sus d\u00edas, posibilitando que hoy sea diputado por los pueblos ind\u00edgenas, aunque en el camino haya debido luchar para conservar su lengua de origen.<\/p>\n<p>Esta serie sirve como el ejemplo m\u00e1s reciente del enfoque innovador de la Compa\u00f1\u00eda Coca-Cola para crear contenido, y resalta el compromiso de la empresa con la sustentabilidad y la felicidad de compartir.<\/p>\n<p>Para mayor informaci\u00f3n del documental visita http:\/\/livepositively.com orhttp:\/\/viviendopositivamente.com<\/p>\n<p align=\"center\"><strong>******<\/strong><\/p>\n<p>SOS\u00a0 por la epidemia de diabetes en M\u00e9xico: de acuerdo con el doctor Guillermo Fanghanel Salm\u00f3n, jefe de la Cl\u00ednica Integral del Paciente Diab\u00e9tico y Obeso en el Hospital \u00c1ngeles Mocel y en el Hospital de la Santa Cruz en Quer\u00e9taro, en las pr\u00f3ximas 24 horas se presentar\u00e1n 650 nuevos casos de diabetes, 194 morir\u00e1n (70% ser\u00e1 por enfermedad vascular); 45 quedar\u00e1n ciegos, 78 ser\u00e1n amputados y 56 ser\u00e1n diagnosticados con falla renal o con enfermedades cardiovasculares.<\/p>\n<p>Cifras escalofriantes \u00bfno? El remedio es como siempre est\u00e1 en hacer ejercicio (cuando menos media hora diaria) llevar una dieta balanceada, \u00a0evitar el sobrepeso y la obesidad y hacerse ex\u00e1menes peri\u00f3dicos, para ver niveles de glucosa, colesterol y triglic\u00e9ridos.<\/p>\n<p>Esto debe hacerse desde los 20 a\u00f1os, porque cada vez la diabetes se presenta en personas m\u00e1s j\u00f3venes no importa si hay herencia o no.<\/p>\n<p>El factor ambiente est\u00e1 desplazando al gen\u00e9tico y la mujer diab\u00e9tica est\u00e1 en mayor riesgo de contraer \u00a0enfermedad cadiovascular.<\/p>\n<p>Actualmente la diabetes afecta a 7 millones de personas y se ha convertido en la primera causa de mortalidad con 84 mil decesos al a\u00f1o.<\/p>\n<p>La diabetes no se cura pero con un apego al tratamiento se controla y puede llevarse una \u00a0calidad vida adecuada.<\/p>\n<p>El nuevo tratamiento para esta enfermedad ha sido aprobado por la Confepris y ya est\u00e1 disponible en M\u00e9xico.<\/p>\n<p align=\"center\"><strong>*****<\/strong><\/p>\n<p>De acuerdo con la OMS, una mala alimentaci\u00f3n en la primera infancia es uno de los principales factores de riesgo de mala salud a lo largo de la vida.\u00a0 Entre los efectos a largo plazo se encuentran un pobre rendimiento escolar, menor productividad, alteraciones del desarrollo intelectual y social, as\u00ed como diversas enfermedades cr\u00f3nicas.<\/p>\n<p>La nutrici\u00f3n y los cuidados durante los primeros a\u00f1os es fundamental para la salud y el bienestar a lo largo de toda la vida.<\/p>\n<p>Para los ni\u00f1os peque\u00f1os, los micronutrientes (hierro, zinc, calcio, selenio, lute\u00edna, vitamina A, etc\u00e9tera) son esenciales para el crecimiento, el desarrollo y la prevenci\u00f3n de enfermedades.<\/p>\n<p>Se recomienda utilizar alimentos complementarios forti\ufb01cados o suplementos de vitaminas y minerales \u00a0de acuerdo a sus necesidades y evitar la comida chatarra.<\/p>\n<p><a href=\"mailto:elros05_2000@yahoo.com.mx\" target=\"_blank\"><em>elros05_2000@yahoo.com.mx<\/em><\/a><\/p>\n","protected":false},"excerpt":{"rendered":"<p><span style=\"color: #005497;\"><strong>Elsa Rodr\u00edguez Osorio<\/strong><\/span><br \/>\n<br \/>\nNational Geographic Channel junto a Coca-Cola  anuncian el estreno de la nueva serie documental: \u201cViviendo Positivamente\u201d que llega a la pantalla de Nat Geo en Am\u00e9rica Latina.  El documental lleva al espectador a trav\u00e9s de 40 mil kil\u00f3metros, en 5 pa\u00edses, y cuenta 8 historias en cuatro episodios que reflejan las vivencias de h\u00e9roes reales, personas que han enfrentado y superado grandes retos sociales, ambientales y econ\u00f3micos, que impactan e inspiran a sus comunidades y al mundo el martes 6 de Noviembre a las 20:10 horas.<\/p>\n","protected":false},"author":3,"featured_media":0,"comment_status":"open","ping_status":"open","sticky":false,"template":"","format":"standard","meta":{"_monsterinsights_skip_tracking":false,"_monsterinsights_sitenote_active":false,"_monsterinsights_sitenote_note":"","_monsterinsights_sitenote_category":0,"footnotes":""},"categories":[877],"tags":[63,12894,43705,43674,43692],"class_list":["post-110432","post","type-post","status-publish","format-standard","hentry","category-salud","tag-america-latina","tag-capsulas-de-la-salud","tag-elsa-rodriguez-osorio","tag-opinion","tag-salud"],"_links":{"self":[{"href":"https:\/\/www.diarioimagen.net\/index.php?rest_route=\/wp\/v2\/posts\/110432","targetHints":{"allow":["GET"]}}],"collection":[{"href":"https:\/\/www.diarioimagen.net\/index.php?rest_route=\/wp\/v2\/posts"}],"about":[{"href":"https:\/\/www.diarioimagen.net\/index.php?rest_route=\/wp\/v2\/types\/post"}],"author":[{"embeddable":true,"href":"https:\/\/www.diarioimagen.net\/index.php?rest_route=\/wp\/v2\/users\/3"}],"replies":[{"embeddable":true,"href":"https:\/\/www.diarioimagen.net\/index.php?rest_route=%2Fwp%2Fv2%2Fcomments&post=110432"}],"version-history":[{"count":0,"href":"https:\/\/www.diarioimagen.net\/index.php?rest_route=\/wp\/v2\/posts\/110432\/revisions"}],"wp:attachment":[{"href":"https:\/\/www.diarioimagen.net\/index.php?rest_route=%2Fwp%2Fv2%2Fmedia&parent=110432"}],"wp:term":[{"taxonomy":"category","embeddable":true,"href":"https:\/\/www.diarioimagen.net\/index.php?rest_route=%2Fwp%2Fv2%2Fcategories&post=110432"},{"taxonomy":"post_tag","embeddable":true,"href":"https:\/\/www.diarioimagen.net\/index.php?rest_route=%2Fwp%2Fv2%2Ftags&post=110432"}],"curies":[{"name":"wp","href":"https:\/\/api.w.org\/{rel}","templated":true}]}}