{"id":110506,"date":"2012-11-08T00:03:16","date_gmt":"2012-11-08T06:03:16","guid":{"rendered":"http:\/\/www.diarioimagen.net\/?p=110506"},"modified":"2012-11-08T05:24:01","modified_gmt":"2012-11-08T11:24:01","slug":"chertorivski-inaugura-albergue-en-hospital-general-de-mexico","status":"publish","type":"post","link":"https:\/\/www.diarioimagen.net\/?p=110506","title":{"rendered":"Chertorivski inaugura albergue en Hospital General de M\u00e9xico"},"content":{"rendered":"<ul>\n<li><strong><em>Junto con el patronato del nosocomio<\/em><\/strong><\/li>\n<\/ul>\n<div id=\"attachment_110509\" style=\"width: 250px\" class=\"wp-caption alignleft\"><a class=\"highslide\" onclick=\"return vz.expand(this)\" href=\"http:\/\/www.diarioimagen.net\/wp-content\/uploads\/2012\/11\/CHERTORIVSKI-1976.jpg\"><img loading=\"lazy\" decoding=\"async\" aria-describedby=\"caption-attachment-110509\" class=\"size-medium wp-image-110509\" title=\"CHERTORIVSKI-1976\" src=\"http:\/\/www.diarioimagen.net\/wp-content\/uploads\/2012\/11\/CHERTORIVSKI-1976-240x192.jpg\" alt=\"\" width=\"240\" height=\"192\" \/><\/a><p id=\"caption-attachment-110509\" class=\"wp-caption-text\">El Hospital General cuenta desde ayer con un albergue para los familiares de los pacientes que vienen del interior de la Rep\u00fablica y que les resulta oneroso pagar hotel. Tiene 100 camas y fue inaugurado por el titular de Salud.<\/p><\/div>\n<p>Con una inversi\u00f3n de 4 millones de pesos, la Secretar\u00eda de Salud habilit\u00f3 un espacio en el Hospital General de M\u00e9xico con 100 camas para albergar a familiares de pacientes provenientes del interior del pa\u00eds.<\/p>\n<p>El lugar fue inaugurado ayer por el titular de Salud, Salom\u00f3n Chertorivski, quien asegur\u00f3 que de esta manera los familiares de pacientes ya no pasar\u00e1n la noche afuera del nosocomio.<\/p>\n<p>Junto con el Patronato del Hospital General de M\u00e9xico, Chertorivski ech\u00f3 a andar estas instalaciones que se localizan dentro del nosocomio.<\/p>\n<p>Ser\u00e1 manejado por el voluntariado que operar\u00e1 con una cuota de recuperaci\u00f3n de 20 pesos por la noche y algo de alimentaci\u00f3n.<\/p>\n<p>Salom\u00f3n Chestorivski afirm\u00f3 que este albergue es parte de la reconstrucci\u00f3n que en los \u00faltimos a\u00f1os se ha hecho del Hospital General.<\/p>\n<p>\u201cSon edificios que requer\u00edan de mejora, equipamiento, incremento en las \u00e1reas para operar. Se inaugur\u00f3 el \u00e1rea de oncolog\u00eda, se construy\u00f3 la Escuela de Enfermer\u00eda y est\u00e1n en construcci\u00f3n cuatro grandes edificios, cardiolog\u00eda, neumolog\u00eda, trasplantes y uno m\u00e1s para rehabilitaci\u00f3n, que ser\u00eda el \u00fanico en la zona centro.<\/p>\n<p>Este albergue representa un espacio de mejoras al Hospital General, nosocomio que atiende a m\u00e1s pacientes del Seguro Popular en el pa\u00eds.<\/p>\n","protected":false},"excerpt":{"rendered":"<p>Con una inversi\u00f3n de 4 millones de pesos, la Secretar\u00eda de Salud habilit\u00f3 un espacio en el Hospital General de M\u00e9xico con 100 camas para albergar a familiares de pacientes provenientes del interior del pa\u00eds. El lugar fue inaugurado ayer por el titular de Salud, Salom\u00f3n Chertorivski, quien asegur\u00f3 que de esta manera los familiares de pacientes ya no pasar\u00e1n la noche afuera del nosocomio.<\/p>\n","protected":false},"author":3,"featured_media":0,"comment_status":"open","ping_status":"open","sticky":false,"template":"","format":"standard","meta":{"_monsterinsights_skip_tracking":false,"_monsterinsights_sitenote_active":false,"_monsterinsights_sitenote_note":"","_monsterinsights_sitenote_category":0,"footnotes":""},"categories":[877],"tags":[879,17947,43692],"class_list":["post-110506","post","type-post","status-publish","format-standard","hentry","category-salud","tag-hospital-general-de-mexico","tag-salomon-chertorivski-woldenberg","tag-salud"],"_links":{"self":[{"href":"https:\/\/www.diarioimagen.net\/index.php?rest_route=\/wp\/v2\/posts\/110506","targetHints":{"allow":["GET"]}}],"collection":[{"href":"https:\/\/www.diarioimagen.net\/index.php?rest_route=\/wp\/v2\/posts"}],"about":[{"href":"https:\/\/www.diarioimagen.net\/index.php?rest_route=\/wp\/v2\/types\/post"}],"author":[{"embeddable":true,"href":"https:\/\/www.diarioimagen.net\/index.php?rest_route=\/wp\/v2\/users\/3"}],"replies":[{"embeddable":true,"href":"https:\/\/www.diarioimagen.net\/index.php?rest_route=%2Fwp%2Fv2%2Fcomments&post=110506"}],"version-history":[{"count":0,"href":"https:\/\/www.diarioimagen.net\/index.php?rest_route=\/wp\/v2\/posts\/110506\/revisions"}],"wp:attachment":[{"href":"https:\/\/www.diarioimagen.net\/index.php?rest_route=%2Fwp%2Fv2%2Fmedia&parent=110506"}],"wp:term":[{"taxonomy":"category","embeddable":true,"href":"https:\/\/www.diarioimagen.net\/index.php?rest_route=%2Fwp%2Fv2%2Fcategories&post=110506"},{"taxonomy":"post_tag","embeddable":true,"href":"https:\/\/www.diarioimagen.net\/index.php?rest_route=%2Fwp%2Fv2%2Ftags&post=110506"}],"curies":[{"name":"wp","href":"https:\/\/api.w.org\/{rel}","templated":true}]}}