{"id":110572,"date":"2012-11-09T00:03:19","date_gmt":"2012-11-09T06:03:19","guid":{"rendered":"http:\/\/www.diarioimagen.net\/?p=110572"},"modified":"2012-11-10T00:58:57","modified_gmt":"2012-11-10T06:58:57","slug":"diputados-aprueban-la-reforma-laboral","status":"publish","type":"post","link":"https:\/\/www.diarioimagen.net\/?p=110572","title":{"rendered":"Diputados aprueban la reforma laboral"},"content":{"rendered":"<ul>\n<li><strong><em>Adem\u00e1s avalan autorizar al Senado de la Rep\u00fablica\u00a0 remitir al Ejecutivo federal los art\u00edculos de la legislaci\u00f3n<\/em><\/strong><\/li>\n<\/ul>\n<div id=\"attachment_110585\" style=\"width: 250px\" class=\"wp-caption alignleft\"><a class=\"highslide\" onclick=\"return vz.expand(this)\" href=\"http:\/\/www.diarioimagen.net\/wp-content\/uploads\/2012\/11\/DIPUTADOS-1977.jpg\"><img loading=\"lazy\" decoding=\"async\" aria-describedby=\"caption-attachment-110585\" class=\"size-medium wp-image-110585\" title=\"DIPUTADOS-1977\" src=\"http:\/\/www.diarioimagen.net\/wp-content\/uploads\/2012\/11\/DIPUTADOS-1977-240x135.jpg\" alt=\"\" width=\"240\" height=\"135\" \/><\/a><p id=\"caption-attachment-110585\" class=\"wp-caption-text\">Momento en que el pleno de la C\u00e1mara de Diputados aprueba la reforma laboral, que pas\u00f3 ya al Ejecutivo para sus efectos constitucionales.<\/p><\/div>\n<p>El pleno de la C\u00e1mara de Diputados ratific\u00f3 la supresi\u00f3n del art\u00edculo 388 bis referente a la votaci\u00f3n de los contratos colectivos de trabajo al interior de los sindicatos y declar\u00f3 aprobada en lo general y en lo particular la reforma laboral.<\/p>\n<p>Con 258 votos, las bancadas del PRI, PVEM y Nueva Alianza eliminaron el m\u00e1s pol\u00e9mico de los art\u00edculos reservados, mientras que las fracciones del PAN, PRD, PT y Movimiento Ciudadano alcanzaron apenas 237 sufragios en esa votaci\u00f3n.<\/p>\n<p>El 388 bis fue introducido a la reforma laboral por el Senado de la Rep\u00fablica, con la intenci\u00f3n de someter a consulta de los trabajadores los contratos colectivos, antes de presentarlos al patr\u00f3n, lo que a juicio del PRI habr\u00eda representado una \u201csubasta\u201d.<\/p>\n<p>El pleno de la C\u00e1mara de Diputados aprob\u00f3 adem\u00e1s un acuerdo para autorizar al Senado de la Rep\u00fablica remitir al Ejecutivo los art\u00edculos de la reforma laboral ya aprobados por ambos \u00f3rganos legislativos, en caso de que los senadores rechacen los cambios votados ayer en San L\u00e1zaro.<\/p>\n<p>En la discusi\u00f3n en lo particular, los diputados federales aprobaron con 356 votos a favor y 130 en contra el art\u00edculo 371 en materia de democracia sindical, con la incorporaci\u00f3n del voto \u201cindirecto y secreto\u201d para la elecci\u00f3n de los dirigentes sindicales.<\/p>\n<p>Avalaron igualmente las modificaciones propuestas para el art\u00edculo 373 en materia de democracia sindical, que cancela la obligaci\u00f3n de las organizaciones sindicales de rendir cuentas personalizadas a sus integrantes y flexibiliza las auditor\u00edas a las finanzas de esas organizaciones.<\/p>\n<p>Posteriormente, en conferencia de prensa, los coordinadores de los diputados del PRI, Manlio Fabio Beltrones, y del PAN, Luis Alberto Villarreal, se\u00f1alaron que la reforma laboral es para el bien de M\u00e9xico y destacaron que despu\u00e9s de 42 a\u00f1os se realizan reformas a la Ley Federal del Trabajo.<\/p>\n<p>En tanto que el coordinador de los diputados del PRD, Silvano Aureoles Conejo, anunci\u00f3 que el bloque de los partidos de izquierda analizan y preparan presentar una controversia constitucional contra esta legislaci\u00f3n aprobada este jueves en la C\u00e1mara de Diputados.<\/p>\n<p>Alberto Villarreal, destac\u00f3 que la C\u00e1mara baja hizo una haza\u00f1a hist\u00f3rica al haber aprobado en 69 d\u00edas lo que no se hab\u00eda hecho en 42 a\u00f1os en materia laboral, que surge de una iniciativa que mand\u00f3 con car\u00e1cter de preferente el presidente Felipe Calder\u00f3n Hinojosa.<\/p>\n<p>A\u00f1adi\u00f3 que el resultado fue una reforma laboral de hondo calado que crear\u00e1 empleos, generar\u00e1 mayor competitividad para M\u00e9xico, hace atractivas las inversiones, fortalece los derechos de las mujeres, adultos mayores, j\u00f3venes y personas con discapacidad, as\u00ed como de los jornaleros y trabajadores del campo.<\/p>\n<p>Tambi\u00e9n se logr\u00f3 obligar a los sindicatos a rendir cuentas y a la democracia, por lo que \u201cno podemos estar m\u00e1s que contentos y orgullosos\u201d, dijo, ante los 114 integrantes de la bancada del Partido Acci\u00f3n Nacional (PAN) que estuvieron presentes.<\/p>\n<p>Por su parte, el diputado del PRI, Manlio Fabio Beltrones, confi\u00f3 en que todos los grupos legislativos cumplan con su obligaci\u00f3n y sobre todo que lo hagan y piensen que es M\u00e9xico el que necesita paz, tranquilidad e interinstitucionalidad.<\/p>\n","protected":false},"excerpt":{"rendered":"<p>El pleno de la C\u00e1mara de Diputados ratific\u00f3 la supresi\u00f3n del art\u00edculo 388 bis referente a la votaci\u00f3n de los contratos colectivos de trabajo al interior de los sindicatos y declar\u00f3 aprobada en lo general y en lo particular la reforma laboral. Con 258 votos, las bancadas del PRI, PVEM y Nueva Alianza eliminaron el m\u00e1s pol\u00e9mico de los art\u00edculos reservados, mientras que las fracciones del PAN, PRD, PT y Movimiento Ciudadano alcanzaron apenas 237 sufragios en esa votaci\u00f3n.<\/p>\n","protected":false},"author":3,"featured_media":0,"comment_status":"open","ping_status":"open","sticky":false,"template":"","format":"standard","meta":{"_monsterinsights_skip_tracking":false,"_monsterinsights_sitenote_active":false,"_monsterinsights_sitenote_note":"","_monsterinsights_sitenote_category":0,"footnotes":""},"categories":[17,3],"tags":[98,43673,2050,362,1416,17354,116],"class_list":["post-110572","post","type-post","status-publish","format-standard","hentry","category-especiales","category-nacional","tag-camara-de-diputados","tag-nacional","tag-nueva-alianza","tag-pri","tag-pvem","tag-reforma-laboral","tag-senado-de-la-republica"],"_links":{"self":[{"href":"https:\/\/www.diarioimagen.net\/index.php?rest_route=\/wp\/v2\/posts\/110572","targetHints":{"allow":["GET"]}}],"collection":[{"href":"https:\/\/www.diarioimagen.net\/index.php?rest_route=\/wp\/v2\/posts"}],"about":[{"href":"https:\/\/www.diarioimagen.net\/index.php?rest_route=\/wp\/v2\/types\/post"}],"author":[{"embeddable":true,"href":"https:\/\/www.diarioimagen.net\/index.php?rest_route=\/wp\/v2\/users\/3"}],"replies":[{"embeddable":true,"href":"https:\/\/www.diarioimagen.net\/index.php?rest_route=%2Fwp%2Fv2%2Fcomments&post=110572"}],"version-history":[{"count":0,"href":"https:\/\/www.diarioimagen.net\/index.php?rest_route=\/wp\/v2\/posts\/110572\/revisions"}],"wp:attachment":[{"href":"https:\/\/www.diarioimagen.net\/index.php?rest_route=%2Fwp%2Fv2%2Fmedia&parent=110572"}],"wp:term":[{"taxonomy":"category","embeddable":true,"href":"https:\/\/www.diarioimagen.net\/index.php?rest_route=%2Fwp%2Fv2%2Fcategories&post=110572"},{"taxonomy":"post_tag","embeddable":true,"href":"https:\/\/www.diarioimagen.net\/index.php?rest_route=%2Fwp%2Fv2%2Ftags&post=110572"}],"curies":[{"name":"wp","href":"https:\/\/api.w.org\/{rel}","templated":true}]}}