{"id":110621,"date":"2012-11-09T00:07:57","date_gmt":"2012-11-09T06:07:57","guid":{"rendered":"http:\/\/www.diarioimagen.net\/?p=110621"},"modified":"2012-11-09T05:21:01","modified_gmt":"2012-11-09T11:21:01","slug":"prevalece-la-civilidad-en-la-transicion-senala-joaquin-coldwell","status":"publish","type":"post","link":"https:\/\/www.diarioimagen.net\/?p=110621","title":{"rendered":"Prevalece la civilidad en la transici\u00f3n, se\u00f1ala Joaqu\u00edn Coldwell"},"content":{"rendered":"<ul>\n<li><strong><em>El relevo en la administraci\u00f3n federal es positivo y propio de un pa\u00eds maduro y democr\u00e1tico, dice el l\u00edder nacional del PRI<\/em><\/strong><\/li>\n<\/ul>\n<div id=\"attachment_110634\" style=\"width: 250px\" class=\"wp-caption alignleft\"><a class=\"highslide\" onclick=\"return vz.expand(this)\" href=\"http:\/\/www.diarioimagen.net\/wp-content\/uploads\/2012\/11\/coldwell-1977.jpg\"><img loading=\"lazy\" decoding=\"async\" aria-describedby=\"caption-attachment-110634\" class=\"size-medium wp-image-110634\" title=\"coldwell-1977\" src=\"http:\/\/www.diarioimagen.net\/wp-content\/uploads\/2012\/11\/coldwell-1977-240x135.jpg\" alt=\"\" width=\"240\" height=\"135\" \/><\/a><p id=\"caption-attachment-110634\" class=\"wp-caption-text\">El dirigente nacional del PRI, Pedro Joaqu\u00edn Coldwell, habl\u00f3 sobre el relevo institucional del Ejecutivo federal.<\/p><\/div>\n<p>El l\u00edder nacional pri\u00edsta, Pedro Joaqu\u00edn Coldwell, reconoci\u00f3 que el relevo en el gobierno federal se da en un ambiente de civilidad, propio de un pa\u00eds maduro y democr\u00e1tico.<\/p>\n<p>\u201cSe est\u00e1 llevando una transici\u00f3n muy positiva\u201d, afirm\u00f3 en entrevista el tambi\u00e9n ex gobernador de Quintana Roo, quien respald\u00f3 los acercamientos del presidente electo, Enrique Pe\u00f1a Nieto, con gobernadores y dirigentes de otros partidos pol\u00edticos.<\/p>\n<p>Consider\u00f3 que \u201cson positivos los di\u00e1logos que Pe\u00f1a Nieto ha tenido con dirigentes de otros partidos pol\u00edticos, tanto cuanto con gobernadores\u00a0 y tambi\u00e9n de otras opciones, de otras fuerzas\u201d.<\/p>\n<p>Por ello, Joaqu\u00edn Coldwell asever\u00f3 que la transici\u00f3n \u201cva muy bien, propio de un pa\u00eds maduro, democr\u00e1tico, siendo un cambio de gobierno de un partido a otro ha salido muy bien\u201d.<\/p>\n<p>Respecto a las declaraciones del secretario general de la Organizaci\u00f3n para la Cooperaci\u00f3n y el Desarrollo Econ\u00f3micos (OCDE), Jos\u00e9 \u00c1ngel Gurr\u00eda, sobre la aplicaci\u00f3n del IVA, dijo que es tema que debe analizar el equipo econ\u00f3mico del Presidente electo, adem\u00e1s del Congreso, pues hay muchos planteamientos de reforma fiscal en la mesa.<\/p>\n<p>Sobre si ser\u00eda de gran impacto para la poblaci\u00f3n aplicar 19 por ciento del Impuesto al Valor Agregado (IVA), el dirigente del Partido Revolucionario Institucional (PRI) dijo que no hay nada considerado respecto a ese tema.<\/p>\n","protected":false},"excerpt":{"rendered":"<p>El l\u00edder nacional pri\u00edsta, Pedro Joaqu\u00edn Coldwell, reconoci\u00f3 que el relevo en el gobierno federal se da en un ambiente de civilidad, propio de un pa\u00eds maduro y democr\u00e1tico. \u201cSe est\u00e1 llevando una transici\u00f3n muy positiva\u201d, afirm\u00f3 en entrevista el tambi\u00e9n ex gobernador de Quintana Roo, quien respald\u00f3 los acercamientos del presidente electo, Enrique Pe\u00f1a Nieto, con gobernadores y dirigentes de otros partidos pol\u00edticos.<\/p>\n","protected":false},"author":3,"featured_media":0,"comment_status":"open","ping_status":"open","sticky":false,"template":"","format":"standard","meta":{"_monsterinsights_skip_tracking":false,"_monsterinsights_sitenote_active":false,"_monsterinsights_sitenote_note":"","_monsterinsights_sitenote_category":0,"footnotes":""},"categories":[3],"tags":[18,43673,1012,362],"class_list":["post-110621","post","type-post","status-publish","format-standard","hentry","category-nacional","tag-enrique-pena-nieto","tag-nacional","tag-pedro-joaquin-coldwell","tag-pri"],"_links":{"self":[{"href":"https:\/\/www.diarioimagen.net\/index.php?rest_route=\/wp\/v2\/posts\/110621","targetHints":{"allow":["GET"]}}],"collection":[{"href":"https:\/\/www.diarioimagen.net\/index.php?rest_route=\/wp\/v2\/posts"}],"about":[{"href":"https:\/\/www.diarioimagen.net\/index.php?rest_route=\/wp\/v2\/types\/post"}],"author":[{"embeddable":true,"href":"https:\/\/www.diarioimagen.net\/index.php?rest_route=\/wp\/v2\/users\/3"}],"replies":[{"embeddable":true,"href":"https:\/\/www.diarioimagen.net\/index.php?rest_route=%2Fwp%2Fv2%2Fcomments&post=110621"}],"version-history":[{"count":0,"href":"https:\/\/www.diarioimagen.net\/index.php?rest_route=\/wp\/v2\/posts\/110621\/revisions"}],"wp:attachment":[{"href":"https:\/\/www.diarioimagen.net\/index.php?rest_route=%2Fwp%2Fv2%2Fmedia&parent=110621"}],"wp:term":[{"taxonomy":"category","embeddable":true,"href":"https:\/\/www.diarioimagen.net\/index.php?rest_route=%2Fwp%2Fv2%2Fcategories&post=110621"},{"taxonomy":"post_tag","embeddable":true,"href":"https:\/\/www.diarioimagen.net\/index.php?rest_route=%2Fwp%2Fv2%2Ftags&post=110621"}],"curies":[{"name":"wp","href":"https:\/\/api.w.org\/{rel}","templated":true}]}}