{"id":110628,"date":"2012-11-09T00:06:46","date_gmt":"2012-11-09T06:06:46","guid":{"rendered":"http:\/\/www.diarioimagen.net\/?p=110628"},"modified":"2012-11-09T05:42:08","modified_gmt":"2012-11-09T11:42:08","slug":"van-tres-mexicanos-muertos-en-nueva-york-por-sandy","status":"publish","type":"post","link":"https:\/\/www.diarioimagen.net\/?p=110628","title":{"rendered":"Van tres mexicanos muertos en Nueva York por \u201cSandy\u201d"},"content":{"rendered":"<ul>\n<li><strong><em>Al menos, 120 familias de connacionales perdieron su casa por el fen\u00f3meno meteorol\u00f3gico y la cifra puede aumentar los pr\u00f3ximos d\u00edas<\/em><\/strong><\/li>\n<\/ul>\n<div id=\"attachment_110652\" style=\"width: 250px\" class=\"wp-caption alignleft\"><a class=\"highslide\" onclick=\"return vz.expand(this)\" href=\"http:\/\/www.diarioimagen.net\/wp-content\/uploads\/2012\/11\/SANDY-1977.jpg\"><img loading=\"lazy\" decoding=\"async\" aria-describedby=\"caption-attachment-110652\" class=\"size-medium wp-image-110652\" title=\"SANDY-1977\" src=\"http:\/\/www.diarioimagen.net\/wp-content\/uploads\/2012\/11\/SANDY-1977-240x135.jpg\" alt=\"\" width=\"240\" height=\"135\" \/><\/a><p id=\"caption-attachment-110652\" class=\"wp-caption-text\">La tragedia de Nueva York, con un hurac\u00e1n y una tormenta de nieve, no pod\u00eda dejar fuera a nuestros paisanos; van tres muertos.<\/p><\/div>\n<p>Hasta el momento suman tres los decesos de mexicanos provocados por el hurac\u00e1n \u201cSandy\u201d en la zona metropolitana de Nueva York, donde al menos 120 familias de esa nacionalidad perdieron su casa por el meteoro.<\/p>\n<p>El c\u00f3nsul general de M\u00e9xico en Nueva York, Carlos Sada, inform\u00f3 adem\u00e1s que estima que la cifra de damnificados aumente en los pr\u00f3ximos d\u00edas.<\/p>\n<p>\u201cVan a seguir aumentando los damnificados mexicanos, es algo que de alguna manera ten\u00edamos previsto conforme pasara la emergencia coyuntural en que se atendieran las necesidades b\u00e1sicas\u201d, estableci\u00f3 Carlos Sada en una entrevista.<\/p>\n<p>A la tragedia que supone quedar sin vivienda, para muchos mexicanos sin documentos en Nueva York se ha a\u00f1adido adem\u00e1s la p\u00e9rdida del empleo por da\u00f1os a su lugar de trabajo, lo que los deja sin ning\u00fan seguro o recurso al cual acudir.<\/p>\n<p>El hurac\u00e1n \u201cSandy\u201d caus\u00f3 en Nueva York la muerte de 41 personas, de acuerdo con la polic\u00eda local, la mayor cifra entre los 113 decesos provocados por este fen\u00f3meno en todo Estados Unidos.<\/p>\n<p>Asimismo, se calcula que unas 40 mil personas se quedaron sin hogar, y a una semana del fen\u00f3meno meteorol\u00f3gico unas 650 mil personas contin\u00faan a\u00fan sin luz el\u00e9ctrica en la zona metropolitana de Nueva York.<\/p>\n<p>El diplom\u00e1tico mexicano en Nueva York manifest\u00f3 que a diario se contabilizan unas ocho o 10 familias adicionales de mexicanos, cuyas viviendas fueron severamente da\u00f1adas y que requieren de asistencia urgente para encontrar un lugar a donde vivir.<\/p>\n","protected":false},"excerpt":{"rendered":"<p>Hasta el momento suman tres los decesos de mexicanos provocados por el hurac\u00e1n \u201cSandy\u201d en la zona metropolitana de Nueva York, donde al menos 120 familias de esa nacionalidad perdieron su casa por el meteoro.<\/p>\n","protected":false},"author":3,"featured_media":0,"comment_status":"open","ping_status":"open","sticky":false,"template":"","format":"standard","meta":{"_monsterinsights_skip_tracking":false,"_monsterinsights_sitenote_active":false,"_monsterinsights_sitenote_note":"","_monsterinsights_sitenote_category":0,"footnotes":""},"categories":[3],"tags":[177,942,25163],"class_list":["post-110628","post","type-post","status-publish","format-standard","hentry","category-nacional","tag-estados-unidos","tag-nueva-york","tag-sandy"],"_links":{"self":[{"href":"https:\/\/www.diarioimagen.net\/index.php?rest_route=\/wp\/v2\/posts\/110628","targetHints":{"allow":["GET"]}}],"collection":[{"href":"https:\/\/www.diarioimagen.net\/index.php?rest_route=\/wp\/v2\/posts"}],"about":[{"href":"https:\/\/www.diarioimagen.net\/index.php?rest_route=\/wp\/v2\/types\/post"}],"author":[{"embeddable":true,"href":"https:\/\/www.diarioimagen.net\/index.php?rest_route=\/wp\/v2\/users\/3"}],"replies":[{"embeddable":true,"href":"https:\/\/www.diarioimagen.net\/index.php?rest_route=%2Fwp%2Fv2%2Fcomments&post=110628"}],"version-history":[{"count":0,"href":"https:\/\/www.diarioimagen.net\/index.php?rest_route=\/wp\/v2\/posts\/110628\/revisions"}],"wp:attachment":[{"href":"https:\/\/www.diarioimagen.net\/index.php?rest_route=%2Fwp%2Fv2%2Fmedia&parent=110628"}],"wp:term":[{"taxonomy":"category","embeddable":true,"href":"https:\/\/www.diarioimagen.net\/index.php?rest_route=%2Fwp%2Fv2%2Fcategories&post=110628"},{"taxonomy":"post_tag","embeddable":true,"href":"https:\/\/www.diarioimagen.net\/index.php?rest_route=%2Fwp%2Fv2%2Ftags&post=110628"}],"curies":[{"name":"wp","href":"https:\/\/api.w.org\/{rel}","templated":true}]}}