{"id":110666,"date":"2012-11-09T00:01:51","date_gmt":"2012-11-09T06:01:51","guid":{"rendered":"http:\/\/www.diarioimagen.net\/?p=110666"},"modified":"2012-11-09T05:57:11","modified_gmt":"2012-11-09T11:57:11","slug":"inicia-xxiv-reunion-nacional-del-sistema-federal-sanitario","status":"publish","type":"post","link":"https:\/\/www.diarioimagen.net\/?p=110666","title":{"rendered":"Inicia XXIV Reuni\u00f3n Nacional del Sistema Federal Sanitario"},"content":{"rendered":"<p>Se celebra en Valle de Bravo<\/p>\n<div id=\"attachment_110675\" style=\"width: 250px\" class=\"wp-caption alignleft\"><a class=\"highslide\" onclick=\"return vz.expand(this)\" href=\"http:\/\/www.diarioimagen.net\/wp-content\/uploads\/2012\/11\/ISEM-1977.jpg\"><img loading=\"lazy\" decoding=\"async\" aria-describedby=\"caption-attachment-110675\" class=\"size-medium wp-image-110675\" title=\"ISEM-1977\" src=\"http:\/\/www.diarioimagen.net\/wp-content\/uploads\/2012\/11\/ISEM-1977-240x130.jpg\" alt=\"\" width=\"240\" height=\"130\" \/><\/a><p id=\"caption-attachment-110675\" class=\"wp-caption-text\">El Sistema Federal Sanitario se re\u00fane en Valle de Bravo, encabezado por el titular de Salud, Salom\u00f3n Chertorivski.<\/p><\/div>\n<p><strong>Valle de Bravo, Estado de M\u00e9xico<\/strong>.- El gobernador Eruviel \u00c1vila Villegas, comprometido con la salud de los mexiquenses ha generado oportunidades para consolidar logros significativos, y uno de \u00e9stos ha sido la permisi\u00f3n para el Laboratorio Estatal de Salud P\u00fablica del Edomex, como Tercero Autorizado para dar Legalidad y Certificaci\u00f3n de Calidad al Monitoreo de Agua y Alimentos, en beneficio de la poblaci\u00f3n que vive en nuestra entidad.<\/p>\n<p>Lo anterior, durante la inauguraci\u00f3n de la XXIV Reuni\u00f3n Nacional del Sistema Federal Sanitario, celebrada en Valle de Bravo y en la que el secretario de Salud y director general del Instituto de Salud del Estado de M\u00e9xico (ISEM), Gabriel J. O\u2019Shea Cuevas, destac\u00f3 los resultados de esta reuni\u00f3n calific\u00e1ndola como un \u00e9xito por el enfoque que se dirige a evaluar los mecanismos financieros para el fortalecimiento de las actividades contra riesgos sanitarios.<\/p>\n<p>Por su parte, el secretario de Salud federal, Salom\u00f3n Chertorivski Woldenberg, se\u00f1al\u00f3 \u201cla alta responsabilidad que tenemos cada uno de nosotros por preservar la salud de los habitantes de la poblaci\u00f3n, convergen sin duda en varios factores, como debe ser la medicina preventiva y de esta manera coordinada podremos presentar resultados satisfactorios que garanticen el derecho a la salud de toda la poblaci\u00f3n\u201d.<\/p>\n<p>El titular de Saludl, agradeci\u00f3 el notable trabajo que realiza la Cofepris, los laboratorios estatales y todos los reguladores sanitarios de nuestro pa\u00eds en coordinaci\u00f3n con la Secretaria de Salud federal y las secretar\u00edas de Salud de las entidades federativas, -dijo- \u201cpodemos estar seguros que el mayor bien de M\u00e9xico que es la salud de sus hombres, mujer y ni\u00f1os est\u00e1 bien resguardada\u201d.<\/p>\n<p>En el evento se cont\u00f3 con la presencia del comisionado para la Protecci\u00f3n Contra Riesgos Sanitarios, Mikel Arriola Pe\u00f1aloza; el subsecretario de Administraci\u00f3n y Finanzas, Igor Rosette Valencia; del coordinador general del Sistema Federal Sanitario, Patricio Enrique Caso Prado y el coordinador de Regulaci\u00f3n Sanitaria del ISEM.<\/p>\n","protected":false},"excerpt":{"rendered":"<p>El gobernador Eruviel \u00c1vila Villegas, comprometido con la salud de los mexiquenses ha generado oportunidades para consolidar logros significativos, y uno de \u00e9stos ha sido la permisi\u00f3n para el Laboratorio Estatal de Salud P\u00fablica del Edomex, como Tercero Autorizado para dar Legalidad y Certificaci\u00f3n de Calidad al Monitoreo de Agua y Alimentos, en beneficio de la poblaci\u00f3n que vive en nuestra entidad.<\/p>\n","protected":false},"author":3,"featured_media":0,"comment_status":"open","ping_status":"open","sticky":false,"template":"","format":"standard","meta":{"_monsterinsights_skip_tracking":false,"_monsterinsights_sitenote_active":false,"_monsterinsights_sitenote_note":"","_monsterinsights_sitenote_category":0,"footnotes":""},"categories":[877],"tags":[5828,43675,13565,43692,1458],"class_list":["post-110666","post","type-post","status-publish","format-standard","hentry","category-salud","tag-eruviel-avila-villegas","tag-estado-de-mexico","tag-instituto-de-salud-del-estado-de-mexico","tag-salud","tag-valle-de-bravo"],"_links":{"self":[{"href":"https:\/\/www.diarioimagen.net\/index.php?rest_route=\/wp\/v2\/posts\/110666","targetHints":{"allow":["GET"]}}],"collection":[{"href":"https:\/\/www.diarioimagen.net\/index.php?rest_route=\/wp\/v2\/posts"}],"about":[{"href":"https:\/\/www.diarioimagen.net\/index.php?rest_route=\/wp\/v2\/types\/post"}],"author":[{"embeddable":true,"href":"https:\/\/www.diarioimagen.net\/index.php?rest_route=\/wp\/v2\/users\/3"}],"replies":[{"embeddable":true,"href":"https:\/\/www.diarioimagen.net\/index.php?rest_route=%2Fwp%2Fv2%2Fcomments&post=110666"}],"version-history":[{"count":0,"href":"https:\/\/www.diarioimagen.net\/index.php?rest_route=\/wp\/v2\/posts\/110666\/revisions"}],"wp:attachment":[{"href":"https:\/\/www.diarioimagen.net\/index.php?rest_route=%2Fwp%2Fv2%2Fmedia&parent=110666"}],"wp:term":[{"taxonomy":"category","embeddable":true,"href":"https:\/\/www.diarioimagen.net\/index.php?rest_route=%2Fwp%2Fv2%2Fcategories&post=110666"},{"taxonomy":"post_tag","embeddable":true,"href":"https:\/\/www.diarioimagen.net\/index.php?rest_route=%2Fwp%2Fv2%2Ftags&post=110666"}],"curies":[{"name":"wp","href":"https:\/\/api.w.org\/{rel}","templated":true}]}}